{"id":9353,"date":"2026-03-12T10:59:29","date_gmt":"2026-03-12T09:59:29","guid":{"rendered":"https:\/\/emmaccorporation.com\/fr\/?p=9353"},"modified":"2026-03-12T10:59:31","modified_gmt":"2026-03-12T09:59:31","slug":"commercial-marketing-f-h","status":"publish","type":"post","link":"https:\/\/emmaccorporation.com\/fr\/commercial-marketing-f-h\/","title":{"rendered":"Commercial Marketing (F\/H)"},"content":{"rendered":"\n<!-- GLightbox CSS -->\n<link rel=\"stylesheet\" href=\"https:\/\/cdn.jsdelivr.net\/npm\/glightbox\/dist\/css\/glightbox.min.css\">\n\n<!-- STYLES POUR LA GALERIE -->\n<style>\n  .gallery {\n    display: flex;\n    flex-wrap: wrap;\n    gap: 10px;\n    justify-content: center;\n  }\n  .gallery img {\n    width: 1020px;\n    height: auto;\n    border-radius: 10px;\n    transition: transform 0.3s;\n  }\n  .gallery img:hover {\n    transform: scale(1.05);\n  }\n<\/style>\n\n<!-- Galerie avec Lightbox -->\n<div class=\"gallery\">\n  <a class=\"glightbox\" href=\"https:\/\/emmaccorporation.com\/fr\/wp-content\/uploads\/2026\/03\/01-Commercial.webp\" data-gallery=\"gallery1\">\n    <img decoding=\"async\" src=\"https:\/\/emmaccorporation.com\/fr\/wp-content\/uploads\/2026\/03\/01-Commercial.webp\" alt=\"Commercial\" \/>\n  <\/a>\n<\/div>\n\n\n<!-- GLightbox JS -->\n<script src=\"https:\/\/cdn.jsdelivr.net\/npm\/glightbox\/dist\/js\/glightbox.min.js\"><\/script>\n\n<!-- INITIALISATION DU LIGHTBOX -->\n<script>\n  document.addEventListener(\"DOMContentLoaded\", function () {\n    const lightbox = GLightbox({\n      selector: '.glightbox'\n    });\n  });\n<\/script>\n\n\n\n<p>Le Cabinet <a href=\"http:\/\/www.emmaccorporation.com\/\" type=\"link\" id=\"http:\/\/www.emmaccorporation.com\/\">EMMAC Corporation<\/a> recrute pour une entreprise, un Commercial Marketing (F\/H). Ce poste de Commercial-Marketing-F-H offre de nombreuses responsabilit\u00e9s vari\u00e9es.<\/p>\n\n\n\n<p>Lieu  <strong>:<\/strong> Cotonou. Ce poste s&rsquo;intitule notamment Commercial-Marketing-F-H.<\/p>\n\n\n\n<p>Type de contrat<strong>:<\/strong> CDD. <\/p>\n\n\n\n<p>Type d&#8217;emploi<strong>:<\/strong>Temps plein. <\/p>\n\n\n\n<p>Date limite : 19 mars 2026 \u00e0 18h30. <\/p>\n\n\n\n<p>Nous recherchons un Commercial Marketing organis\u00e9e et polyvalente pour accompagner la Direction dans ses missions strat\u00e9giques et op\u00e9rationnelles. Pour postuler \u00e0 l\u2019offre de Commercial-Marketing-F-H, il est n\u00e9cessaire d\u2019\u00eatre motiv\u00e9 et rigoureux.<\/p>\n\n\n\n<ol style=\"list-style-type:upper-alpha\" class=\"wp-block-list\">\n<li><strong><em><u>MISSIONS ET RESPONSABILITES<\/u><\/em><\/strong><\/li>\n<\/ol>\n\n\n\n<ul class=\"wp-block-list\">\n<li>Prospecter et d\u00e9velopper un portefeuille clients<\/li>\n\n\n\n<li>Promouvoir les produits et services de l\u2019entreprise<\/li>\n\n\n\n<li>Participer \u00e0 la mise en place des strat\u00e9gies marketing<\/li>\n\n\n\n<li>Assurer le suivi et la fid\u00e9lisation des clients<\/li>\n\n\n\n<li>Contribuer \u00e0 l\u2019augmentation du chiffre d\u2019affaires<\/li>\n<\/ul>\n\n\n\n<p><strong><em><u>B &#8211; ATOUTS PROFESSIONNELS<\/u><\/em><\/strong><\/p>\n\n\n\n<ul class=\"wp-block-list\">\n<li>Excellente organisation et gestion des priorit\u00e9s,<\/li>\n\n\n\n<li>\u00a0Excellentes aptitudes en communication et n\u00e9gociation.<\/li>\n\n\n\n<li>Ma\u00eetrise des techniques de vente et du suivi client.<\/li>\n\n\n\n<li>Sens du r\u00e9sultat, autonomie et esprit d\u2019initiative.<\/li>\n\n\n\n<li>Bonne ma\u00eetrise des outils de communication digitale<\/li>\n<\/ul>\n\n\n\n<ul class=\"wp-block-list\">\n<li><strong><em><u>PROFIL<\/u><\/em><\/strong><\/li>\n\n\n\n<li>\u00a0Bac +3 en Marketing, Commerce ou \u00e9quivalent<\/li>\n<\/ul>\n\n\n\n<p>Exp\u00e9rience en vente ou marketing souhait\u00e9e<\/p>\n\n\n\n<p><strong><u>PIECES A FOURNIR ET LIEU DE DEPOT<\/u><\/strong><\/p>\n\n\n\n<p>Veuillez envoyer votre CV + Lettre de Motivation \u00e0 l\u2019adresse <a href=\"mailto:recrutement@emmaccorporation.com\">recrutement@emmaccorporation.com<\/a> &nbsp;ou rendez-vous au si\u00e8ge EMMAC Corporation \u00e0 Scoa Gb\u00e9to&nbsp;; en face de l\u2019\u00e9glise Protestante du CSP. Par ailleurs, postuler au poste de Commercial-Marketing-F-H peut ouvrir des perspectives de carri\u00e8re int\u00e9ressantes.<\/p>\n\n\n\n<p>T\u00e9l :&nbsp;(+229) 01 96 52 27 27\/ 01 96 52 23 23\/01 95 04 08 08 pour le poste Commercial-Marketing-F-H.<\/p>\n\n\n\n<script type=\"application\/ld+json\">\n{\n  \"@context\": \"https:\/\/schema.org\",\n  \"@type\": \"JobPosting\",\n  \"title\": \"Commercial Marketing (F\/H)\",\n  \"description\": \"Le cabinet <strong>EMMAC Corporation<\/strong> recrute pour une entreprise un(e) <strong>Commercial Marketing<\/strong> bas\u00e9(e) \u00e0 <strong>Cotonou<\/strong>.<br><br><strong>Missions et responsabilit\u00e9s :<\/strong><ul><li>Prospecter et d\u00e9velopper un portefeuille clients<\/li><li>Promouvoir les produits et services de l\u2019entreprise<\/li><li>Participer \u00e0 la mise en place des strat\u00e9gies marketing<\/li><li>Assurer le suivi et la fid\u00e9lisation des clients<\/li><li>Contribuer \u00e0 l\u2019augmentation du chiffre d\u2019affaires<\/li><\/ul><br><strong>Atouts professionnels :<\/strong><ul><li>Excellente organisation et gestion des priorit\u00e9s<\/li><li>Excellentes aptitudes en communication et n\u00e9gociation<\/li><li>Ma\u00eetrise des techniques de vente et du suivi client<\/li><li>Sens du r\u00e9sultat, autonomie et esprit d\u2019initiative<\/li><li>Bonne ma\u00eetrise des outils de communication digitale<\/li><\/ul><br><strong>Profil :<\/strong><ul><li>Bac +3 en Marketing, Commerce ou \u00e9quivalent<\/li><li>Exp\u00e9rience en vente ou marketing souhait\u00e9e<\/li><\/ul><br><strong>Candidature :<\/strong> Envoyer votre CV et lettre de motivation \u00e0 <a href='mailto:recrutement@emmaccorporation.com'>recrutement@emmaccorporation.com<\/a> ou d\u00e9poser votre dossier au si\u00e8ge EMMAC Corporation \u00e0 Scoa Gb\u00e9to, en face de l\u2019\u00e9glise Protestante du CSP, Cotonou.<br><br><strong>T\u00e9l :<\/strong> (+229) 01 96 52 27 27 \/ 01 96 52 23 23 \/ 01 95 04 08 08.\",\n  \"identifier\": {\n    \"@type\": \"PropertyValue\",\n    \"name\": \"EMMAC CORPORATION\",\n    \"value\": \"CommercialMarketing-Cotonou-2026\"\n  },\n  \"datePosted\": \"2026-03-12\",\n  \"validThrough\": \"2026-03-19T18:30:00+01:00\",\n  \"employmentType\": \"FULL_TIME\",\n  \"directApply\": true,\n  \"hiringOrganization\": {\n    \"@type\": \"Organization\",\n    \"name\": \"EMMAC CORPORATION\",\n    \"sameAs\": \"https:\/\/emmaccorporation.com\",\n    \"logo\": \"https:\/\/emmaccorporation.com\/fr\/wp-content\/uploads\/2025\/08\/logo.jpg\",\n    \"contactPoint\": {\n      \"@type\": \"ContactPoint\",\n      \"email\": \"recrutement@emmaccorporation.com\",\n      \"telephone\": \"+2290196522727\"\n    }\n  },\n  \"jobLocation\": {\n    \"@type\": \"Place\",\n    \"address\": {\n      \"@type\": \"PostalAddress\",\n      \"streetAddress\": \"Scoa Gb\u00e9to, en face de l\u2019\u00e9glise Protestante du CSP\",\n      \"addressLocality\": \"Cotonou\",\n      \"addressCountry\": \"BJ\"\n    }\n  },\n  \"industry\": [\n    \"Marketing\",\n    \"Commerce\",\n    \"Vente\"\n  ],\n  \"inLanguage\": \"fr\",\n  \"applicantLocationRequirements\": {\n    \"@type\": \"Country\",\n    \"name\": \"Benin\"\n  },\n  \"skills\": [\n    \"Prospection commerciale\",\n    \"Techniques de vente\",\n    \"Strat\u00e9gie marketing\",\n    \"Communication digitale\",\n    \"N\u00e9gociation\",\n    \"Gestion de portefeuille client\"\n  ],\n  \"responsibilities\": [\n    \"D\u00e9velopper un portefeuille clients\",\n    \"Promouvoir les produits et services\",\n    \"Participer aux strat\u00e9gies marketing\",\n    \"Assurer le suivi et la fid\u00e9lisation des clients\",\n    \"Contribuer \u00e0 l\u2019augmentation du chiffre d\u2019affaires\"\n  ],\n  \"workHours\": \"Temps plein\"\n}\n<\/script>\n","protected":false},"excerpt":{"rendered":"<p>Le Cabinet EMMAC Corporation recrute pour une entreprise, un Commercial Marketing (F\/H). Ce poste de Commercial-Marketing-F-H offre de nombreuses responsabilit\u00e9s vari\u00e9es. Lieu : Cotonou. Ce poste s&rsquo;intitule notamment Commercial-Marketing-F-H. Type de contrat: CDD. Type d&#8217;emploi:Temps plein. Date limite : 19 mars 2026 \u00e0 18h30. Nous recherchons un Commercial Marketing organis\u00e9e et polyvalente pour accompagner la [&hellip;]<\/p>\n","protected":false},"author":1,"featured_media":9349,"comment_status":"open","ping_status":"open","sticky":false,"template":"","format":"standard","meta":{"footnotes":""},"categories":[9],"tags":[86,68,96],"class_list":["post-9353","post","type-post","status-publish","format-standard","has-post-thumbnail","hentry","category-offres-demploi","tag-emmaccorporation","tag-recrutement","tag-recrutementafrique"],"yoast_head":"<!-- This site is optimized with the Yoast SEO Premium plugin v27.1 (Yoast SEO v27.4) - https:\/\/yoast.com\/product\/yoast-seo-premium-wordpress\/ -->\n<title>Commercial-Marketing : Comp\u00e9tences \u00e0 Poss\u00e9der<\/title>\n<meta name=\"description\" content=\"Le Cabinet EMMAC Corporation recrute pour une entreprise, un Commercial Marketing (F\/H) Commercial Marketing (F\/H)\" \/>\n<meta name=\"robots\" content=\"index, follow, max-snippet:-1, max-image-preview:large, max-video-preview:-1\" \/>\n<link rel=\"canonical\" href=\"https:\/\/emmaccorporation.com\/fr\/commercial-marketing-f-h\/\" \/>\n<meta property=\"og:locale\" content=\"fr_FR\" \/>\n<meta property=\"og:type\" content=\"article\" \/>\n<meta property=\"og:title\" content=\"Commercial Marketing (F\/H)\" \/>\n<meta property=\"og:description\" content=\"Le Cabinet EMMAC Corporation recrute pour une entreprise, un Commercial Marketing (F\/H) Commercial Marketing (F\/H)\" \/>\n<meta property=\"og:url\" content=\"https:\/\/emmaccorporation.com\/fr\/commercial-marketing-f-h\/\" \/>\n<meta property=\"og:site_name\" content=\"Emmac Corporation\" \/>\n<meta property=\"article:publisher\" content=\"https:\/\/www.facebook.com\/EMMACCorporation\" \/>\n<meta property=\"article:published_time\" content=\"2026-03-12T09:59:29+00:00\" \/>\n<meta property=\"article:modified_time\" content=\"2026-03-12T09:59:31+00:00\" \/>\n<meta property=\"og:image\" content=\"https:\/\/emmaccorporation.com\/fr\/wp-content\/uploads\/2026\/03\/01-Commercial.webp\" \/>\n\t<meta property=\"og:image:width\" content=\"2177\" \/>\n\t<meta property=\"og:image:height\" content=\"2293\" \/>\n\t<meta property=\"og:image:type\" content=\"image\/webp\" \/>\n<meta name=\"author\" content=\"administrateur\" \/>\n<meta name=\"twitter:card\" content=\"summary_large_image\" \/>\n<meta name=\"twitter:creator\" content=\"@emmaccorporati2\" \/>\n<meta name=\"twitter:site\" content=\"@emmaccorporati2\" \/>\n<meta name=\"twitter:label1\" content=\"\u00c9crit par\" \/>\n\t<meta name=\"twitter:data1\" content=\"administrateur\" \/>\n\t<meta name=\"twitter:label2\" content=\"Dur\u00e9e de lecture estim\u00e9e\" \/>\n\t<meta name=\"twitter:data2\" content=\"1 minute\" \/>\n<script type=\"application\/ld+json\" class=\"yoast-schema-graph\">{\"@context\":\"https:\\\/\\\/schema.org\",\"@graph\":[{\"@type\":\"Article\",\"@id\":\"https:\\\/\\\/emmaccorporation.com\\\/fr\\\/commercial-marketing-f-h\\\/#article\",\"isPartOf\":{\"@id\":\"https:\\\/\\\/emmaccorporation.com\\\/fr\\\/commercial-marketing-f-h\\\/\"},\"author\":{\"name\":\"administrateur\",\"@id\":\"https:\\\/\\\/emmaccorporation.com\\\/fr\\\/#\\\/schema\\\/person\\\/77a4a54746e7c6eece2474c96338c6d0\"},\"headline\":\"Commercial Marketing (F\\\/H)\",\"datePublished\":\"2026-03-12T09:59:29+00:00\",\"dateModified\":\"2026-03-12T09:59:31+00:00\",\"mainEntityOfPage\":{\"@id\":\"https:\\\/\\\/emmaccorporation.com\\\/fr\\\/commercial-marketing-f-h\\\/\"},\"wordCount\":250,\"commentCount\":0,\"publisher\":{\"@id\":\"https:\\\/\\\/emmaccorporation.com\\\/fr\\\/#organization\"},\"image\":{\"@id\":\"https:\\\/\\\/emmaccorporation.com\\\/fr\\\/commercial-marketing-f-h\\\/#primaryimage\"},\"thumbnailUrl\":\"https:\\\/\\\/emmaccorporation.com\\\/fr\\\/wp-content\\\/uploads\\\/2026\\\/03\\\/01-Commercial.webp\",\"keywords\":[\"EmmacCorporation\",\"Recrutement\",\"RecrutementAfrique\"],\"articleSection\":[\"Offres d'emploi\"],\"inLanguage\":\"fr-FR\",\"potentialAction\":[{\"@type\":\"CommentAction\",\"name\":\"Comment\",\"target\":[\"https:\\\/\\\/emmaccorporation.com\\\/fr\\\/commercial-marketing-f-h\\\/#respond\"]}]},{\"@type\":\"WebPage\",\"@id\":\"https:\\\/\\\/emmaccorporation.com\\\/fr\\\/commercial-marketing-f-h\\\/\",\"url\":\"https:\\\/\\\/emmaccorporation.com\\\/fr\\\/commercial-marketing-f-h\\\/\",\"name\":\"Commercial-Marketing : Comp\u00e9tences \u00e0 Poss\u00e9der\",\"isPartOf\":{\"@id\":\"https:\\\/\\\/emmaccorporation.com\\\/fr\\\/#website\"},\"primaryImageOfPage\":{\"@id\":\"https:\\\/\\\/emmaccorporation.com\\\/fr\\\/commercial-marketing-f-h\\\/#primaryimage\"},\"image\":{\"@id\":\"https:\\\/\\\/emmaccorporation.com\\\/fr\\\/commercial-marketing-f-h\\\/#primaryimage\"},\"thumbnailUrl\":\"https:\\\/\\\/emmaccorporation.com\\\/fr\\\/wp-content\\\/uploads\\\/2026\\\/03\\\/01-Commercial.webp\",\"datePublished\":\"2026-03-12T09:59:29+00:00\",\"dateModified\":\"2026-03-12T09:59:31+00:00\",\"description\":\"Le Cabinet EMMAC Corporation recrute pour une entreprise, un Commercial Marketing (F\\\/H) Commercial Marketing (F\\\/H)\",\"breadcrumb\":{\"@id\":\"https:\\\/\\\/emmaccorporation.com\\\/fr\\\/commercial-marketing-f-h\\\/#breadcrumb\"},\"inLanguage\":\"fr-FR\",\"potentialAction\":[{\"@type\":\"ReadAction\",\"target\":[\"https:\\\/\\\/emmaccorporation.com\\\/fr\\\/commercial-marketing-f-h\\\/\"]}]},{\"@type\":\"ImageObject\",\"inLanguage\":\"fr-FR\",\"@id\":\"https:\\\/\\\/emmaccorporation.com\\\/fr\\\/commercial-marketing-f-h\\\/#primaryimage\",\"url\":\"https:\\\/\\\/emmaccorporation.com\\\/fr\\\/wp-content\\\/uploads\\\/2026\\\/03\\\/01-Commercial.webp\",\"contentUrl\":\"https:\\\/\\\/emmaccorporation.com\\\/fr\\\/wp-content\\\/uploads\\\/2026\\\/03\\\/01-Commercial.webp\",\"width\":2177,\"height\":2293},{\"@type\":\"BreadcrumbList\",\"@id\":\"https:\\\/\\\/emmaccorporation.com\\\/fr\\\/commercial-marketing-f-h\\\/#breadcrumb\",\"itemListElement\":[{\"@type\":\"ListItem\",\"position\":1,\"name\":\"Accueil\",\"item\":\"https:\\\/\\\/emmaccorporation.com\\\/fr\\\/\"},{\"@type\":\"ListItem\",\"position\":2,\"name\":\"Commercial Marketing (F\\\/H)\"}]},{\"@type\":\"WebSite\",\"@id\":\"https:\\\/\\\/emmaccorporation.com\\\/fr\\\/#website\",\"url\":\"https:\\\/\\\/emmaccorporation.com\\\/fr\\\/\",\"name\":\"Emmac Corporation\",\"description\":\"La cl\u00e9 de l&#039;excellence\",\"publisher\":{\"@id\":\"https:\\\/\\\/emmaccorporation.com\\\/fr\\\/#organization\"},\"alternateName\":\"emmac\",\"potentialAction\":[{\"@type\":\"SearchAction\",\"target\":{\"@type\":\"EntryPoint\",\"urlTemplate\":\"https:\\\/\\\/emmaccorporation.com\\\/fr\\\/?s={search_term_string}\"},\"query-input\":{\"@type\":\"PropertyValueSpecification\",\"valueRequired\":true,\"valueName\":\"search_term_string\"}}],\"inLanguage\":\"fr-FR\"},{\"@type\":\"Organization\",\"@id\":\"https:\\\/\\\/emmaccorporation.com\\\/fr\\\/#organization\",\"name\":\"EMMAC Corporation\",\"alternateName\":\"EMMAC\",\"url\":\"https:\\\/\\\/emmaccorporation.com\\\/fr\\\/\",\"logo\":{\"@type\":\"ImageObject\",\"inLanguage\":\"fr-FR\",\"@id\":\"https:\\\/\\\/emmaccorporation.com\\\/fr\\\/#\\\/schema\\\/logo\\\/image\\\/\",\"url\":\"https:\\\/\\\/emmaccorporation.com\\\/fr\\\/wp-content\\\/uploads\\\/2019\\\/09\\\/cropped-emmac_logo.jpg\",\"contentUrl\":\"https:\\\/\\\/emmaccorporation.com\\\/fr\\\/wp-content\\\/uploads\\\/2019\\\/09\\\/cropped-emmac_logo.jpg\",\"width\":512,\"height\":512,\"caption\":\"EMMAC Corporation\"},\"image\":{\"@id\":\"https:\\\/\\\/emmaccorporation.com\\\/fr\\\/#\\\/schema\\\/logo\\\/image\\\/\"},\"sameAs\":[\"https:\\\/\\\/www.facebook.com\\\/EMMACCorporation\",\"https:\\\/\\\/x.com\\\/emmaccorporati2\",\"https:\\\/\\\/www.instagram.com\\\/emmaccorporation\\\/\",\"https:\\\/\\\/www.linkedin.com\\\/company\\\/emmac-corporation\",\"https:\\\/\\\/www.youtube.com\\\/channel\\\/UC18a1uiY-9XzXOedwx622xw\"],\"description\":\"EMMAC Corporation est un cabinet panafricain de r\u00e9f\u00e9rence sp\u00e9cialis\u00e9 en Recrutement, Placement, Int\u00e9rim, Mise \u00e0 disposition, Formation et Gestion des Ressources Humaines...\",\"email\":\"infos@emmaccorporattion.com\",\"telephone\":\"00229 0196522323 - 00228 93545555 - 00225 0798212121\",\"legalName\":\"EMMAC CORPORATION\",\"foundingDate\":\"2015-07-31\"},{\"@type\":\"Person\",\"@id\":\"https:\\\/\\\/emmaccorporation.com\\\/fr\\\/#\\\/schema\\\/person\\\/77a4a54746e7c6eece2474c96338c6d0\",\"name\":\"administrateur\",\"image\":{\"@type\":\"ImageObject\",\"inLanguage\":\"fr-FR\",\"@id\":\"https:\\\/\\\/secure.gravatar.com\\\/avatar\\\/ab5a3056a186c65f63c59a2de19e081b423bce8989e42736e00b1e0f5504d7ee?s=96&d=mm&r=g\",\"url\":\"https:\\\/\\\/secure.gravatar.com\\\/avatar\\\/ab5a3056a186c65f63c59a2de19e081b423bce8989e42736e00b1e0f5504d7ee?s=96&d=mm&r=g\",\"contentUrl\":\"https:\\\/\\\/secure.gravatar.com\\\/avatar\\\/ab5a3056a186c65f63c59a2de19e081b423bce8989e42736e00b1e0f5504d7ee?s=96&d=mm&r=g\",\"caption\":\"administrateur\"},\"url\":\"https:\\\/\\\/emmaccorporation.com\\\/fr\\\/author\\\/admin\\\/\"}]}<\/script>\n<!-- \/ Yoast SEO Premium plugin. -->","yoast_head_json":{"title":"Commercial-Marketing : Comp\u00e9tences \u00e0 Poss\u00e9der","description":"Le Cabinet EMMAC Corporation recrute pour une entreprise, un Commercial Marketing (F\/H) Commercial Marketing (F\/H)","robots":{"index":"index","follow":"follow","max-snippet":"max-snippet:-1","max-image-preview":"max-image-preview:large","max-video-preview":"max-video-preview:-1"},"canonical":"https:\/\/emmaccorporation.com\/fr\/commercial-marketing-f-h\/","og_locale":"fr_FR","og_type":"article","og_title":"Commercial Marketing (F\/H)","og_description":"Le Cabinet EMMAC Corporation recrute pour une entreprise, un Commercial Marketing (F\/H) Commercial Marketing (F\/H)","og_url":"https:\/\/emmaccorporation.com\/fr\/commercial-marketing-f-h\/","og_site_name":"Emmac Corporation","article_publisher":"https:\/\/www.facebook.com\/EMMACCorporation","article_published_time":"2026-03-12T09:59:29+00:00","article_modified_time":"2026-03-12T09:59:31+00:00","og_image":[{"width":2177,"height":2293,"url":"https:\/\/emmaccorporation.com\/fr\/wp-content\/uploads\/2026\/03\/01-Commercial.webp","type":"image\/webp"}],"author":"administrateur","twitter_card":"summary_large_image","twitter_creator":"@emmaccorporati2","twitter_site":"@emmaccorporati2","twitter_misc":{"\u00c9crit par":"administrateur","Dur\u00e9e de lecture estim\u00e9e":"1 minute"},"schema":{"@context":"https:\/\/schema.org","@graph":[{"@type":"Article","@id":"https:\/\/emmaccorporation.com\/fr\/commercial-marketing-f-h\/#article","isPartOf":{"@id":"https:\/\/emmaccorporation.com\/fr\/commercial-marketing-f-h\/"},"author":{"name":"administrateur","@id":"https:\/\/emmaccorporation.com\/fr\/#\/schema\/person\/77a4a54746e7c6eece2474c96338c6d0"},"headline":"Commercial Marketing (F\/H)","datePublished":"2026-03-12T09:59:29+00:00","dateModified":"2026-03-12T09:59:31+00:00","mainEntityOfPage":{"@id":"https:\/\/emmaccorporation.com\/fr\/commercial-marketing-f-h\/"},"wordCount":250,"commentCount":0,"publisher":{"@id":"https:\/\/emmaccorporation.com\/fr\/#organization"},"image":{"@id":"https:\/\/emmaccorporation.com\/fr\/commercial-marketing-f-h\/#primaryimage"},"thumbnailUrl":"https:\/\/emmaccorporation.com\/fr\/wp-content\/uploads\/2026\/03\/01-Commercial.webp","keywords":["EmmacCorporation","Recrutement","RecrutementAfrique"],"articleSection":["Offres d'emploi"],"inLanguage":"fr-FR","potentialAction":[{"@type":"CommentAction","name":"Comment","target":["https:\/\/emmaccorporation.com\/fr\/commercial-marketing-f-h\/#respond"]}]},{"@type":"WebPage","@id":"https:\/\/emmaccorporation.com\/fr\/commercial-marketing-f-h\/","url":"https:\/\/emmaccorporation.com\/fr\/commercial-marketing-f-h\/","name":"Commercial-Marketing : Comp\u00e9tences \u00e0 Poss\u00e9der","isPartOf":{"@id":"https:\/\/emmaccorporation.com\/fr\/#website"},"primaryImageOfPage":{"@id":"https:\/\/emmaccorporation.com\/fr\/commercial-marketing-f-h\/#primaryimage"},"image":{"@id":"https:\/\/emmaccorporation.com\/fr\/commercial-marketing-f-h\/#primaryimage"},"thumbnailUrl":"https:\/\/emmaccorporation.com\/fr\/wp-content\/uploads\/2026\/03\/01-Commercial.webp","datePublished":"2026-03-12T09:59:29+00:00","dateModified":"2026-03-12T09:59:31+00:00","description":"Le Cabinet EMMAC Corporation recrute pour une entreprise, un Commercial Marketing (F\/H) Commercial Marketing (F\/H)","breadcrumb":{"@id":"https:\/\/emmaccorporation.com\/fr\/commercial-marketing-f-h\/#breadcrumb"},"inLanguage":"fr-FR","potentialAction":[{"@type":"ReadAction","target":["https:\/\/emmaccorporation.com\/fr\/commercial-marketing-f-h\/"]}]},{"@type":"ImageObject","inLanguage":"fr-FR","@id":"https:\/\/emmaccorporation.com\/fr\/commercial-marketing-f-h\/#primaryimage","url":"https:\/\/emmaccorporation.com\/fr\/wp-content\/uploads\/2026\/03\/01-Commercial.webp","contentUrl":"https:\/\/emmaccorporation.com\/fr\/wp-content\/uploads\/2026\/03\/01-Commercial.webp","width":2177,"height":2293},{"@type":"BreadcrumbList","@id":"https:\/\/emmaccorporation.com\/fr\/commercial-marketing-f-h\/#breadcrumb","itemListElement":[{"@type":"ListItem","position":1,"name":"Accueil","item":"https:\/\/emmaccorporation.com\/fr\/"},{"@type":"ListItem","position":2,"name":"Commercial Marketing (F\/H)"}]},{"@type":"WebSite","@id":"https:\/\/emmaccorporation.com\/fr\/#website","url":"https:\/\/emmaccorporation.com\/fr\/","name":"Emmac Corporation","description":"La cl\u00e9 de l&#039;excellence","publisher":{"@id":"https:\/\/emmaccorporation.com\/fr\/#organization"},"alternateName":"emmac","potentialAction":[{"@type":"SearchAction","target":{"@type":"EntryPoint","urlTemplate":"https:\/\/emmaccorporation.com\/fr\/?s={search_term_string}"},"query-input":{"@type":"PropertyValueSpecification","valueRequired":true,"valueName":"search_term_string"}}],"inLanguage":"fr-FR"},{"@type":"Organization","@id":"https:\/\/emmaccorporation.com\/fr\/#organization","name":"EMMAC Corporation","alternateName":"EMMAC","url":"https:\/\/emmaccorporation.com\/fr\/","logo":{"@type":"ImageObject","inLanguage":"fr-FR","@id":"https:\/\/emmaccorporation.com\/fr\/#\/schema\/logo\/image\/","url":"https:\/\/emmaccorporation.com\/fr\/wp-content\/uploads\/2019\/09\/cropped-emmac_logo.jpg","contentUrl":"https:\/\/emmaccorporation.com\/fr\/wp-content\/uploads\/2019\/09\/cropped-emmac_logo.jpg","width":512,"height":512,"caption":"EMMAC Corporation"},"image":{"@id":"https:\/\/emmaccorporation.com\/fr\/#\/schema\/logo\/image\/"},"sameAs":["https:\/\/www.facebook.com\/EMMACCorporation","https:\/\/x.com\/emmaccorporati2","https:\/\/www.instagram.com\/emmaccorporation\/","https:\/\/www.linkedin.com\/company\/emmac-corporation","https:\/\/www.youtube.com\/channel\/UC18a1uiY-9XzXOedwx622xw"],"description":"EMMAC Corporation est un cabinet panafricain de r\u00e9f\u00e9rence sp\u00e9cialis\u00e9 en Recrutement, Placement, Int\u00e9rim, Mise \u00e0 disposition, Formation et Gestion des Ressources Humaines...","email":"infos@emmaccorporattion.com","telephone":"00229 0196522323 - 00228 93545555 - 00225 0798212121","legalName":"EMMAC CORPORATION","foundingDate":"2015-07-31"},{"@type":"Person","@id":"https:\/\/emmaccorporation.com\/fr\/#\/schema\/person\/77a4a54746e7c6eece2474c96338c6d0","name":"administrateur","image":{"@type":"ImageObject","inLanguage":"fr-FR","@id":"https:\/\/secure.gravatar.com\/avatar\/ab5a3056a186c65f63c59a2de19e081b423bce8989e42736e00b1e0f5504d7ee?s=96&d=mm&r=g","url":"https:\/\/secure.gravatar.com\/avatar\/ab5a3056a186c65f63c59a2de19e081b423bce8989e42736e00b1e0f5504d7ee?s=96&d=mm&r=g","contentUrl":"https:\/\/secure.gravatar.com\/avatar\/ab5a3056a186c65f63c59a2de19e081b423bce8989e42736e00b1e0f5504d7ee?s=96&d=mm&r=g","caption":"administrateur"},"url":"https:\/\/emmaccorporation.com\/fr\/author\/admin\/"}]}},"publishpress_future_action":{"enabled":false,"date":"2026-05-03 16:50:28","action":"change-status","newStatus":"draft","terms":[],"taxonomy":"category","extraData":[]},"publishpress_future_workflow_manual_trigger":{"enabledWorkflows":[]},"_links":{"self":[{"href":"https:\/\/emmaccorporation.com\/fr\/wp-json\/wp\/v2\/posts\/9353","targetHints":{"allow":["GET"]}}],"collection":[{"href":"https:\/\/emmaccorporation.com\/fr\/wp-json\/wp\/v2\/posts"}],"about":[{"href":"https:\/\/emmaccorporation.com\/fr\/wp-json\/wp\/v2\/types\/post"}],"author":[{"embeddable":true,"href":"https:\/\/emmaccorporation.com\/fr\/wp-json\/wp\/v2\/users\/1"}],"replies":[{"embeddable":true,"href":"https:\/\/emmaccorporation.com\/fr\/wp-json\/wp\/v2\/comments?post=9353"}],"version-history":[{"count":2,"href":"https:\/\/emmaccorporation.com\/fr\/wp-json\/wp\/v2\/posts\/9353\/revisions"}],"predecessor-version":[{"id":9361,"href":"https:\/\/emmaccorporation.com\/fr\/wp-json\/wp\/v2\/posts\/9353\/revisions\/9361"}],"wp:featuredmedia":[{"embeddable":true,"href":"https:\/\/emmaccorporation.com\/fr\/wp-json\/wp\/v2\/media\/9349"}],"wp:attachment":[{"href":"https:\/\/emmaccorporation.com\/fr\/wp-json\/wp\/v2\/media?parent=9353"}],"wp:term":[{"taxonomy":"category","embeddable":true,"href":"https:\/\/emmaccorporation.com\/fr\/wp-json\/wp\/v2\/categories?post=9353"},{"taxonomy":"post_tag","embeddable":true,"href":"https:\/\/emmaccorporation.com\/fr\/wp-json\/wp\/v2\/tags?post=9353"}],"curies":[{"name":"wp","href":"https:\/\/api.w.org\/{rel}","templated":true}]}}