{"id":8657,"date":"2025-06-02T11:00:33","date_gmt":"2025-06-02T10:00:33","guid":{"rendered":"https:\/\/emmaccorporation.com\/fr\/?p=8657"},"modified":"2025-06-02T11:02:49","modified_gmt":"2025-06-02T10:02:49","slug":"nouveau-mois-nouvelle-energie","status":"publish","type":"post","link":"https:\/\/emmaccorporation.com\/fr\/nouveau-mois-nouvelle-energie\/","title":{"rendered":"Nouveau mois, nouvelle \u00e9nergie !"},"content":{"rendered":"<p><!-- GLightbox CSS -->\n<link rel=\"stylesheet\" href=\"https:\/\/cdn.jsdelivr.net\/npm\/glightbox\/dist\/css\/glightbox.min.css\">\n<p><!-- STYLES POUR LA GALERIE --><\/p>\n<style>\n  .gallery {\n    display: flex;\n    flex-wrap: wrap;\n    gap: 10px;\n    justify-content: center;\n  }\n  .gallery img {\n    width: 1024px;\n    height: auto;\n    border-radius: 10px;\n    transition: transform 0.3s;\n  }\n  .gallery img:hover {\n    transform: scale(1.05);\n  }\n<\/style>\n<p><!-- Galerie avec Lightbox --><\/p>\n<div class=\"gallery\">\n  <a class=\"glightbox\" href=\"https:\/\/emmaccorporation.com\/fr\/wp-content\/uploads\/2025\/06\/LUNDI-02-JUIN-1024x1024.jpg\" data-gallery=\"gallery1\"><br \/>\n    <img decoding=\"async\" src=\"https:\/\/emmaccorporation.com\/fr\/wp-content\/uploads\/2025\/06\/LUNDI-02-JUIN-1024x1024.jpg\" alt=\"\" \/><br \/>\n  <\/a>\n<\/div>\n<p><!-- GLightbox JS --><br \/>\n<script src=\"https:\/\/cdn.jsdelivr.net\/npm\/glightbox\/dist\/js\/glightbox.min.js\"><\/script><\/p>\n<p><!-- INITIALISATION DU LIGHTBOX --><br \/>\n<script>\n  document.addEventListener(\"DOMContentLoaded\", function () {\n    const lightbox = GLightbox({\n      selector: '.glightbox'\n    });\n  });\n<\/script><\/p>\n<p><strong>Chez Emmac Corporation<\/strong>, chaque d\u00e9but de mois est une nouvelle promesse : celle de cr\u00e9er, d\u2019innover et de r\u00e9ussir ensemble.<br \/>\nJuin d\u00e9marre avec ambition, collaboration et opportunit\u00e9s. Continuons \u00e0 b\u00e2tir un avenir professionnel solide, motiv\u00e9 et tourn\u00e9 vers l\u2019excellence.<br \/>\nToute l\u2019\u00e9quipe vous souhaite une excellente semaine de travail sous le signe de la r\u00e9ussite !<\/p>\n","protected":false},"excerpt":{"rendered":"<p>Chez Emmac Corporation, chaque d\u00e9but de mois est une nouvelle promesse : celle de cr\u00e9er, d\u2019innover et de r\u00e9ussir ensemble. Juin d\u00e9marre avec ambition, collaboration et opportunit\u00e9s. Continuons \u00e0 b\u00e2tir un avenir professionnel solide, motiv\u00e9 et tourn\u00e9 vers l\u2019excellence. Toute l\u2019\u00e9quipe vous souhaite une excellente semaine de travail sous le signe de la r\u00e9ussite !<\/p>\n","protected":false},"author":1,"featured_media":8658,"comment_status":"open","ping_status":"open","sticky":false,"template":"","format":"standard","meta":{"footnotes":""},"categories":[84],"tags":[101,90,95,91,86,100,92,89,93,94,87,88,96,102,97,98,99],"class_list":["post-8657","post","type-post","status-publish","format-standard","has-post-thumbnail","hentry","category-actualites","tag-carriere","tag-collaboration","tag-croissanceprofessionnelle","tag-developpementrh","tag-emmaccorporation","tag-entrepreneuriat","tag-espritdequipe","tag-innovationrh","tag-leadership","tag-motivationdulundi","tag-nouveaumois","tag-opportunitesprofessionnelles","tag-recrutementafrique","tag-ressourceshumaines","tag-rhbenin","tag-rhcotedivoire","tag-rhtogo"],"yoast_head":"<!-- This site is optimized with the Yoast SEO Premium plugin v27.1 (Yoast SEO v27.5) - https:\/\/yoast.com\/product\/yoast-seo-premium-wordpress\/ -->\n<title>Nouveau mois, nouvelle \u00e9nergie ! - Actualit\u00e9s - Emmac Corporation<\/title>\n<meta name=\"robots\" content=\"index, follow, max-snippet:-1, max-image-preview:large, max-video-preview:-1\" \/>\n<link rel=\"canonical\" href=\"https:\/\/emmaccorporation.com\/fr\/nouveau-mois-nouvelle-energie\/\" \/>\n<meta property=\"og:locale\" content=\"fr_FR\" \/>\n<meta property=\"og:type\" content=\"article\" \/>\n<meta property=\"og:title\" content=\"Nouveau mois, nouvelle \u00e9nergie !\" \/>\n<meta property=\"og:description\" content=\"Chez Emmac Corporation, chaque d\u00e9but de mois est une nouvelle promesse : celle de cr\u00e9er, d\u2019innover et de r\u00e9ussir ensemble. Juin d\u00e9marre avec ambition, collaboration et opportunit\u00e9s. Continuons \u00e0 b\u00e2tir un avenir professionnel solide, motiv\u00e9 et tourn\u00e9 vers l\u2019excellence. Toute l\u2019\u00e9quipe vous souhaite une excellente semaine de travail sous le signe de la r\u00e9ussite !\" \/>\n<meta property=\"og:url\" content=\"https:\/\/emmaccorporation.com\/fr\/nouveau-mois-nouvelle-energie\/\" \/>\n<meta property=\"og:site_name\" content=\"Emmac Corporation\" \/>\n<meta property=\"article:publisher\" content=\"https:\/\/www.facebook.com\/EMMACCorporation\" \/>\n<meta property=\"article:published_time\" content=\"2025-06-02T10:00:33+00:00\" \/>\n<meta property=\"article:modified_time\" content=\"2025-06-02T10:02:49+00:00\" \/>\n<meta property=\"og:image\" content=\"https:\/\/emmaccorporation.com\/fr\/wp-content\/uploads\/2025\/06\/LUNDI-02-JUIN-1024x1024.jpg\" \/>\n\t<meta property=\"og:image:width\" content=\"1024\" \/>\n\t<meta property=\"og:image:height\" content=\"1024\" \/>\n\t<meta property=\"og:image:type\" content=\"image\/jpeg\" \/>\n<meta name=\"author\" content=\"administrateur\" \/>\n<meta name=\"twitter:card\" content=\"summary_large_image\" \/>\n<meta name=\"twitter:creator\" content=\"@emmaccorporati2\" \/>\n<meta name=\"twitter:site\" content=\"@emmaccorporati2\" \/>\n<meta name=\"twitter:label1\" content=\"\u00c9crit par\" \/>\n\t<meta name=\"twitter:data1\" content=\"administrateur\" \/>\n\t<meta name=\"twitter:label2\" content=\"Dur\u00e9e de lecture estim\u00e9e\" \/>\n\t<meta name=\"twitter:data2\" content=\"1 minute\" \/>\n<script type=\"application\/ld+json\" class=\"yoast-schema-graph\">{\"@context\":\"https:\\\/\\\/schema.org\",\"@graph\":[{\"@type\":\"Article\",\"@id\":\"https:\\\/\\\/emmaccorporation.com\\\/fr\\\/nouveau-mois-nouvelle-energie\\\/#article\",\"isPartOf\":{\"@id\":\"https:\\\/\\\/emmaccorporation.com\\\/fr\\\/nouveau-mois-nouvelle-energie\\\/\"},\"author\":{\"name\":\"administrateur\",\"@id\":\"https:\\\/\\\/emmaccorporation.com\\\/fr\\\/#\\\/schema\\\/person\\\/77a4a54746e7c6eece2474c96338c6d0\"},\"headline\":\"Nouveau mois, nouvelle \u00e9nergie !\",\"datePublished\":\"2025-06-02T10:00:33+00:00\",\"dateModified\":\"2025-06-02T10:02:49+00:00\",\"mainEntityOfPage\":{\"@id\":\"https:\\\/\\\/emmaccorporation.com\\\/fr\\\/nouveau-mois-nouvelle-energie\\\/\"},\"wordCount\":66,\"commentCount\":0,\"publisher\":{\"@id\":\"https:\\\/\\\/emmaccorporation.com\\\/fr\\\/#organization\"},\"image\":{\"@id\":\"https:\\\/\\\/emmaccorporation.com\\\/fr\\\/nouveau-mois-nouvelle-energie\\\/#primaryimage\"},\"thumbnailUrl\":\"https:\\\/\\\/emmaccorporation.com\\\/fr\\\/wp-content\\\/uploads\\\/2025\\\/06\\\/LUNDI-02-JUIN.jpg\",\"keywords\":[\"Carri\u00e8re\",\"Collaboration\",\"CroissanceProfessionnelle\",\"D\u00e9veloppementRH\",\"EmmacCorporation\",\"Entrepreneuriat\",\"EspritDEquipe\",\"InnovationRH\",\"Leadership\",\"MotivationDuLundi\",\"NouveauMois\",\"Opportunit\u00e9sProfessionnelles\",\"RecrutementAfrique\",\"RessourcesHumaines\",\"RHBenin\",\"RHCotedIvoire\",\"RHTogo\"],\"articleSection\":[\"Actualit\u00e9s\"],\"inLanguage\":\"fr-FR\",\"potentialAction\":[{\"@type\":\"CommentAction\",\"name\":\"Comment\",\"target\":[\"https:\\\/\\\/emmaccorporation.com\\\/fr\\\/nouveau-mois-nouvelle-energie\\\/#respond\"]}]},{\"@type\":\"WebPage\",\"@id\":\"https:\\\/\\\/emmaccorporation.com\\\/fr\\\/nouveau-mois-nouvelle-energie\\\/\",\"url\":\"https:\\\/\\\/emmaccorporation.com\\\/fr\\\/nouveau-mois-nouvelle-energie\\\/\",\"name\":\"Nouveau mois, nouvelle \u00e9nergie ! - Actualit\u00e9s - Emmac Corporation\",\"isPartOf\":{\"@id\":\"https:\\\/\\\/emmaccorporation.com\\\/fr\\\/#website\"},\"primaryImageOfPage\":{\"@id\":\"https:\\\/\\\/emmaccorporation.com\\\/fr\\\/nouveau-mois-nouvelle-energie\\\/#primaryimage\"},\"image\":{\"@id\":\"https:\\\/\\\/emmaccorporation.com\\\/fr\\\/nouveau-mois-nouvelle-energie\\\/#primaryimage\"},\"thumbnailUrl\":\"https:\\\/\\\/emmaccorporation.com\\\/fr\\\/wp-content\\\/uploads\\\/2025\\\/06\\\/LUNDI-02-JUIN.jpg\",\"datePublished\":\"2025-06-02T10:00:33+00:00\",\"dateModified\":\"2025-06-02T10:02:49+00:00\",\"breadcrumb\":{\"@id\":\"https:\\\/\\\/emmaccorporation.com\\\/fr\\\/nouveau-mois-nouvelle-energie\\\/#breadcrumb\"},\"inLanguage\":\"fr-FR\",\"potentialAction\":[{\"@type\":\"ReadAction\",\"target\":[\"https:\\\/\\\/emmaccorporation.com\\\/fr\\\/nouveau-mois-nouvelle-energie\\\/\"]}]},{\"@type\":\"ImageObject\",\"inLanguage\":\"fr-FR\",\"@id\":\"https:\\\/\\\/emmaccorporation.com\\\/fr\\\/nouveau-mois-nouvelle-energie\\\/#primaryimage\",\"url\":\"https:\\\/\\\/emmaccorporation.com\\\/fr\\\/wp-content\\\/uploads\\\/2025\\\/06\\\/LUNDI-02-JUIN.jpg\",\"contentUrl\":\"https:\\\/\\\/emmaccorporation.com\\\/fr\\\/wp-content\\\/uploads\\\/2025\\\/06\\\/LUNDI-02-JUIN.jpg\",\"width\":2000,\"height\":2000},{\"@type\":\"BreadcrumbList\",\"@id\":\"https:\\\/\\\/emmaccorporation.com\\\/fr\\\/nouveau-mois-nouvelle-energie\\\/#breadcrumb\",\"itemListElement\":[{\"@type\":\"ListItem\",\"position\":1,\"name\":\"Accueil\",\"item\":\"https:\\\/\\\/emmaccorporation.com\\\/fr\\\/\"},{\"@type\":\"ListItem\",\"position\":2,\"name\":\"Nouveau mois, nouvelle \u00e9nergie !\"}]},{\"@type\":\"WebSite\",\"@id\":\"https:\\\/\\\/emmaccorporation.com\\\/fr\\\/#website\",\"url\":\"https:\\\/\\\/emmaccorporation.com\\\/fr\\\/\",\"name\":\"Emmac Corporation\",\"description\":\"La cl\u00e9 de l&#039;excellence\",\"publisher\":{\"@id\":\"https:\\\/\\\/emmaccorporation.com\\\/fr\\\/#organization\"},\"alternateName\":\"emmac\",\"potentialAction\":[{\"@type\":\"SearchAction\",\"target\":{\"@type\":\"EntryPoint\",\"urlTemplate\":\"https:\\\/\\\/emmaccorporation.com\\\/fr\\\/?s={search_term_string}\"},\"query-input\":{\"@type\":\"PropertyValueSpecification\",\"valueRequired\":true,\"valueName\":\"search_term_string\"}}],\"inLanguage\":\"fr-FR\"},{\"@type\":\"Organization\",\"@id\":\"https:\\\/\\\/emmaccorporation.com\\\/fr\\\/#organization\",\"name\":\"EMMAC Corporation\",\"alternateName\":\"EMMAC\",\"url\":\"https:\\\/\\\/emmaccorporation.com\\\/fr\\\/\",\"logo\":{\"@type\":\"ImageObject\",\"inLanguage\":\"fr-FR\",\"@id\":\"https:\\\/\\\/emmaccorporation.com\\\/fr\\\/#\\\/schema\\\/logo\\\/image\\\/\",\"url\":\"https:\\\/\\\/emmaccorporation.com\\\/fr\\\/wp-content\\\/uploads\\\/2019\\\/09\\\/cropped-emmac_logo.jpg\",\"contentUrl\":\"https:\\\/\\\/emmaccorporation.com\\\/fr\\\/wp-content\\\/uploads\\\/2019\\\/09\\\/cropped-emmac_logo.jpg\",\"width\":512,\"height\":512,\"caption\":\"EMMAC Corporation\"},\"image\":{\"@id\":\"https:\\\/\\\/emmaccorporation.com\\\/fr\\\/#\\\/schema\\\/logo\\\/image\\\/\"},\"sameAs\":[\"https:\\\/\\\/www.facebook.com\\\/EMMACCorporation\",\"https:\\\/\\\/x.com\\\/emmaccorporati2\",\"https:\\\/\\\/www.instagram.com\\\/emmaccorporation\\\/\",\"https:\\\/\\\/www.linkedin.com\\\/company\\\/emmac-corporation\",\"https:\\\/\\\/www.youtube.com\\\/channel\\\/UC18a1uiY-9XzXOedwx622xw\"],\"description\":\"EMMAC Corporation est un cabinet panafricain de r\u00e9f\u00e9rence sp\u00e9cialis\u00e9 en Recrutement, Placement, Int\u00e9rim, Mise \u00e0 disposition, Formation et Gestion des Ressources Humaines...\",\"email\":\"infos@emmaccorporattion.com\",\"telephone\":\"00229 0196522323 - 00228 93545555 - 00225 0798212121\",\"legalName\":\"EMMAC CORPORATION\",\"foundingDate\":\"2015-07-31\"},{\"@type\":\"Person\",\"@id\":\"https:\\\/\\\/emmaccorporation.com\\\/fr\\\/#\\\/schema\\\/person\\\/77a4a54746e7c6eece2474c96338c6d0\",\"name\":\"administrateur\",\"image\":{\"@type\":\"ImageObject\",\"inLanguage\":\"fr-FR\",\"@id\":\"https:\\\/\\\/secure.gravatar.com\\\/avatar\\\/ab5a3056a186c65f63c59a2de19e081b423bce8989e42736e00b1e0f5504d7ee?s=96&d=mm&r=g\",\"url\":\"https:\\\/\\\/secure.gravatar.com\\\/avatar\\\/ab5a3056a186c65f63c59a2de19e081b423bce8989e42736e00b1e0f5504d7ee?s=96&d=mm&r=g\",\"contentUrl\":\"https:\\\/\\\/secure.gravatar.com\\\/avatar\\\/ab5a3056a186c65f63c59a2de19e081b423bce8989e42736e00b1e0f5504d7ee?s=96&d=mm&r=g\",\"caption\":\"administrateur\"},\"url\":\"https:\\\/\\\/emmaccorporation.com\\\/fr\\\/author\\\/admin\\\/\"}]}<\/script>\n<!-- \/ Yoast SEO Premium plugin. -->","yoast_head_json":{"title":"Nouveau mois, nouvelle \u00e9nergie ! - Actualit\u00e9s - Emmac Corporation","robots":{"index":"index","follow":"follow","max-snippet":"max-snippet:-1","max-image-preview":"max-image-preview:large","max-video-preview":"max-video-preview:-1"},"canonical":"https:\/\/emmaccorporation.com\/fr\/nouveau-mois-nouvelle-energie\/","og_locale":"fr_FR","og_type":"article","og_title":"Nouveau mois, nouvelle \u00e9nergie !","og_description":"Chez Emmac Corporation, chaque d\u00e9but de mois est une nouvelle promesse : celle de cr\u00e9er, d\u2019innover et de r\u00e9ussir ensemble. Juin d\u00e9marre avec ambition, collaboration et opportunit\u00e9s. Continuons \u00e0 b\u00e2tir un avenir professionnel solide, motiv\u00e9 et tourn\u00e9 vers l\u2019excellence. Toute l\u2019\u00e9quipe vous souhaite une excellente semaine de travail sous le signe de la r\u00e9ussite !","og_url":"https:\/\/emmaccorporation.com\/fr\/nouveau-mois-nouvelle-energie\/","og_site_name":"Emmac Corporation","article_publisher":"https:\/\/www.facebook.com\/EMMACCorporation","article_published_time":"2025-06-02T10:00:33+00:00","article_modified_time":"2025-06-02T10:02:49+00:00","og_image":[{"width":1024,"height":1024,"url":"https:\/\/emmaccorporation.com\/fr\/wp-content\/uploads\/2025\/06\/LUNDI-02-JUIN-1024x1024.jpg","type":"image\/jpeg"}],"author":"administrateur","twitter_card":"summary_large_image","twitter_creator":"@emmaccorporati2","twitter_site":"@emmaccorporati2","twitter_misc":{"\u00c9crit par":"administrateur","Dur\u00e9e de lecture estim\u00e9e":"1 minute"},"schema":{"@context":"https:\/\/schema.org","@graph":[{"@type":"Article","@id":"https:\/\/emmaccorporation.com\/fr\/nouveau-mois-nouvelle-energie\/#article","isPartOf":{"@id":"https:\/\/emmaccorporation.com\/fr\/nouveau-mois-nouvelle-energie\/"},"author":{"name":"administrateur","@id":"https:\/\/emmaccorporation.com\/fr\/#\/schema\/person\/77a4a54746e7c6eece2474c96338c6d0"},"headline":"Nouveau mois, nouvelle \u00e9nergie !","datePublished":"2025-06-02T10:00:33+00:00","dateModified":"2025-06-02T10:02:49+00:00","mainEntityOfPage":{"@id":"https:\/\/emmaccorporation.com\/fr\/nouveau-mois-nouvelle-energie\/"},"wordCount":66,"commentCount":0,"publisher":{"@id":"https:\/\/emmaccorporation.com\/fr\/#organization"},"image":{"@id":"https:\/\/emmaccorporation.com\/fr\/nouveau-mois-nouvelle-energie\/#primaryimage"},"thumbnailUrl":"https:\/\/emmaccorporation.com\/fr\/wp-content\/uploads\/2025\/06\/LUNDI-02-JUIN.jpg","keywords":["Carri\u00e8re","Collaboration","CroissanceProfessionnelle","D\u00e9veloppementRH","EmmacCorporation","Entrepreneuriat","EspritDEquipe","InnovationRH","Leadership","MotivationDuLundi","NouveauMois","Opportunit\u00e9sProfessionnelles","RecrutementAfrique","RessourcesHumaines","RHBenin","RHCotedIvoire","RHTogo"],"articleSection":["Actualit\u00e9s"],"inLanguage":"fr-FR","potentialAction":[{"@type":"CommentAction","name":"Comment","target":["https:\/\/emmaccorporation.com\/fr\/nouveau-mois-nouvelle-energie\/#respond"]}]},{"@type":"WebPage","@id":"https:\/\/emmaccorporation.com\/fr\/nouveau-mois-nouvelle-energie\/","url":"https:\/\/emmaccorporation.com\/fr\/nouveau-mois-nouvelle-energie\/","name":"Nouveau mois, nouvelle \u00e9nergie ! - Actualit\u00e9s - Emmac Corporation","isPartOf":{"@id":"https:\/\/emmaccorporation.com\/fr\/#website"},"primaryImageOfPage":{"@id":"https:\/\/emmaccorporation.com\/fr\/nouveau-mois-nouvelle-energie\/#primaryimage"},"image":{"@id":"https:\/\/emmaccorporation.com\/fr\/nouveau-mois-nouvelle-energie\/#primaryimage"},"thumbnailUrl":"https:\/\/emmaccorporation.com\/fr\/wp-content\/uploads\/2025\/06\/LUNDI-02-JUIN.jpg","datePublished":"2025-06-02T10:00:33+00:00","dateModified":"2025-06-02T10:02:49+00:00","breadcrumb":{"@id":"https:\/\/emmaccorporation.com\/fr\/nouveau-mois-nouvelle-energie\/#breadcrumb"},"inLanguage":"fr-FR","potentialAction":[{"@type":"ReadAction","target":["https:\/\/emmaccorporation.com\/fr\/nouveau-mois-nouvelle-energie\/"]}]},{"@type":"ImageObject","inLanguage":"fr-FR","@id":"https:\/\/emmaccorporation.com\/fr\/nouveau-mois-nouvelle-energie\/#primaryimage","url":"https:\/\/emmaccorporation.com\/fr\/wp-content\/uploads\/2025\/06\/LUNDI-02-JUIN.jpg","contentUrl":"https:\/\/emmaccorporation.com\/fr\/wp-content\/uploads\/2025\/06\/LUNDI-02-JUIN.jpg","width":2000,"height":2000},{"@type":"BreadcrumbList","@id":"https:\/\/emmaccorporation.com\/fr\/nouveau-mois-nouvelle-energie\/#breadcrumb","itemListElement":[{"@type":"ListItem","position":1,"name":"Accueil","item":"https:\/\/emmaccorporation.com\/fr\/"},{"@type":"ListItem","position":2,"name":"Nouveau mois, nouvelle \u00e9nergie !"}]},{"@type":"WebSite","@id":"https:\/\/emmaccorporation.com\/fr\/#website","url":"https:\/\/emmaccorporation.com\/fr\/","name":"Emmac Corporation","description":"La cl\u00e9 de l&#039;excellence","publisher":{"@id":"https:\/\/emmaccorporation.com\/fr\/#organization"},"alternateName":"emmac","potentialAction":[{"@type":"SearchAction","target":{"@type":"EntryPoint","urlTemplate":"https:\/\/emmaccorporation.com\/fr\/?s={search_term_string}"},"query-input":{"@type":"PropertyValueSpecification","valueRequired":true,"valueName":"search_term_string"}}],"inLanguage":"fr-FR"},{"@type":"Organization","@id":"https:\/\/emmaccorporation.com\/fr\/#organization","name":"EMMAC Corporation","alternateName":"EMMAC","url":"https:\/\/emmaccorporation.com\/fr\/","logo":{"@type":"ImageObject","inLanguage":"fr-FR","@id":"https:\/\/emmaccorporation.com\/fr\/#\/schema\/logo\/image\/","url":"https:\/\/emmaccorporation.com\/fr\/wp-content\/uploads\/2019\/09\/cropped-emmac_logo.jpg","contentUrl":"https:\/\/emmaccorporation.com\/fr\/wp-content\/uploads\/2019\/09\/cropped-emmac_logo.jpg","width":512,"height":512,"caption":"EMMAC Corporation"},"image":{"@id":"https:\/\/emmaccorporation.com\/fr\/#\/schema\/logo\/image\/"},"sameAs":["https:\/\/www.facebook.com\/EMMACCorporation","https:\/\/x.com\/emmaccorporati2","https:\/\/www.instagram.com\/emmaccorporation\/","https:\/\/www.linkedin.com\/company\/emmac-corporation","https:\/\/www.youtube.com\/channel\/UC18a1uiY-9XzXOedwx622xw"],"description":"EMMAC Corporation est un cabinet panafricain de r\u00e9f\u00e9rence sp\u00e9cialis\u00e9 en Recrutement, Placement, Int\u00e9rim, Mise \u00e0 disposition, Formation et Gestion des Ressources Humaines...","email":"infos@emmaccorporattion.com","telephone":"00229 0196522323 - 00228 93545555 - 00225 0798212121","legalName":"EMMAC CORPORATION","foundingDate":"2015-07-31"},{"@type":"Person","@id":"https:\/\/emmaccorporation.com\/fr\/#\/schema\/person\/77a4a54746e7c6eece2474c96338c6d0","name":"administrateur","image":{"@type":"ImageObject","inLanguage":"fr-FR","@id":"https:\/\/secure.gravatar.com\/avatar\/ab5a3056a186c65f63c59a2de19e081b423bce8989e42736e00b1e0f5504d7ee?s=96&d=mm&r=g","url":"https:\/\/secure.gravatar.com\/avatar\/ab5a3056a186c65f63c59a2de19e081b423bce8989e42736e00b1e0f5504d7ee?s=96&d=mm&r=g","contentUrl":"https:\/\/secure.gravatar.com\/avatar\/ab5a3056a186c65f63c59a2de19e081b423bce8989e42736e00b1e0f5504d7ee?s=96&d=mm&r=g","caption":"administrateur"},"url":"https:\/\/emmaccorporation.com\/fr\/author\/admin\/"}]}},"publishpress_future_action":{"enabled":false,"date":"2026-05-08 09:19:11","action":"change-status","newStatus":"draft","terms":[],"taxonomy":"category","extraData":[]},"publishpress_future_workflow_manual_trigger":{"enabledWorkflows":[]},"_links":{"self":[{"href":"https:\/\/emmaccorporation.com\/fr\/wp-json\/wp\/v2\/posts\/8657","targetHints":{"allow":["GET"]}}],"collection":[{"href":"https:\/\/emmaccorporation.com\/fr\/wp-json\/wp\/v2\/posts"}],"about":[{"href":"https:\/\/emmaccorporation.com\/fr\/wp-json\/wp\/v2\/types\/post"}],"author":[{"embeddable":true,"href":"https:\/\/emmaccorporation.com\/fr\/wp-json\/wp\/v2\/users\/1"}],"replies":[{"embeddable":true,"href":"https:\/\/emmaccorporation.com\/fr\/wp-json\/wp\/v2\/comments?post=8657"}],"version-history":[{"count":3,"href":"https:\/\/emmaccorporation.com\/fr\/wp-json\/wp\/v2\/posts\/8657\/revisions"}],"predecessor-version":[{"id":8661,"href":"https:\/\/emmaccorporation.com\/fr\/wp-json\/wp\/v2\/posts\/8657\/revisions\/8661"}],"wp:featuredmedia":[{"embeddable":true,"href":"https:\/\/emmaccorporation.com\/fr\/wp-json\/wp\/v2\/media\/8658"}],"wp:attachment":[{"href":"https:\/\/emmaccorporation.com\/fr\/wp-json\/wp\/v2\/media?parent=8657"}],"wp:term":[{"taxonomy":"category","embeddable":true,"href":"https:\/\/emmaccorporation.com\/fr\/wp-json\/wp\/v2\/categories?post=8657"},{"taxonomy":"post_tag","embeddable":true,"href":"https:\/\/emmaccorporation.com\/fr\/wp-json\/wp\/v2\/tags?post=8657"}],"curies":[{"name":"wp","href":"https:\/\/api.w.org\/{rel}","templated":true}]}}