{"id":7387,"date":"2025-05-15T09:22:36","date_gmt":"2025-05-15T08:22:36","guid":{"rendered":"https:\/\/emmaccorporation.com\/fr\/?p=7387"},"modified":"2025-05-23T16:01:50","modified_gmt":"2025-05-23T15:01:50","slug":"le-recrutement-c-est-maintenant-chez-emmac-corporation","status":"publish","type":"post","link":"https:\/\/emmaccorporation.com\/fr\/le-recrutement-c-est-maintenant-chez-emmac-corporation\/","title":{"rendered":"LE RECRUTEMENT"},"content":{"rendered":"<p><!-- STYLES POUR LA GALERIE --><\/p>\n<style>\n  .gallery {\n    display: flex;\n    flex-wrap: wrap;\n    gap: 10px;\n    justify-content: center;\n  }\n  .gallery img {\n    width: 1024px;\n    height: auto;\n    border-radius: 10px;\n    transition: transform 0.3s;\n  }\n  .gallery img:hover {\n    transform: scale(1.05);\n  }\n<\/style>\n<p><!-- Galerie avec Lightbox --><\/p>\n<div class=\"gallery\">\n <a href=\"https:\/\/emmaccorporation.com\/fr\/wp-content\/uploads\/2025\/05\/Le-Recrutement-en-Mai-Recupere_resultatJPEG-TrueColor-v1.1-1024x1024.webp\" class=\"glightbox\" \tdata-gallery=\"gallery1\"><br \/>\n    <img decoding=\"async\" src=\"https:\/\/emmaccorporation.com\/fr\/wp-content\/uploads\/2025\/05\/Le-Recrutement-en-Mai-Recupere_resultatJPEG-TrueColor-v1.1-1024x1024.webp\" alt=\"\"  \/><br \/>\n  <\/a><\/p>\n<\/div>\n<p><!-- GLightbox CSS -->\n<link href=\"https:\/\/cdn.jsdelivr.net\/npm\/glightbox\/dist\/css\/glightbox.min.css\" rel=\"stylesheet\" \/>\n<p><!-- GLightbox JS --><br \/>\n<script src=\"https:\/\/cdn.jsdelivr.net\/npm\/glightbox\/dist\/js\/glightbox.min.js\"><\/script><\/p>\n<p><!-- INITIALISATION DU LIGHTBOX --><br \/>\n<script>\n  const lightbox = GLightbox({\n    selector: '.glightbox'\n  });\n<\/script><\/p>\n<p>Vous \u00eates \u00e0 la recherche d\u2019un emploi stimulant ou d\u2019un profil id\u00e9al pour renforcer votre \u00e9quipe ?<br \/>\nChez nous mettons en relation les meilleurs talents avec les opportunit\u00e9s qui leur correspondent.<br \/>\nCandidats, entreprises, notre \u00e9quipe de recrutement est \u00e0 votre \u00e9coute et pr\u00eate \u00e0 vous accompagner.<br \/>\nContactez-nous d\u00e8s aujourd\u2019hui et ouvrez la porte \u00e0 de nouvelles perspectives professionnelles !<br \/>\n<a href=\"http:\/\/emmaccorporation.com\">\u00a0emmaccorporation.com<\/a><\/p>\n","protected":false},"excerpt":{"rendered":"<p>Vous \u00eates \u00e0 la recherche d\u2019un emploi stimulant ou d\u2019un profil id\u00e9al pour renforcer votre \u00e9quipe ? Chez nous mettons en relation les meilleurs talents avec les opportunit\u00e9s qui leur correspondent. Candidats, entreprises, notre \u00e9quipe de recrutement est \u00e0 votre \u00e9coute et pr\u00eate \u00e0 vous accompagner. Contactez-nous d\u00e8s aujourd\u2019hui et ouvrez la porte \u00e0 de [&hellip;]<\/p>\n","protected":false},"author":1,"featured_media":8559,"comment_status":"open","ping_status":"open","sticky":false,"template":"","format":"standard","meta":{"footnotes":""},"categories":[84],"tags":[],"class_list":["post-7387","post","type-post","status-publish","format-standard","has-post-thumbnail","hentry","category-actualites"],"yoast_head":"<!-- This site is optimized with the Yoast SEO Premium plugin v27.1 (Yoast SEO v27.5) - https:\/\/yoast.com\/product\/yoast-seo-premium-wordpress\/ -->\n<title>LE RECRUTEMENT - Actualit\u00e9s - Emmac Corporation<\/title>\n<meta name=\"robots\" content=\"index, follow, max-snippet:-1, max-image-preview:large, max-video-preview:-1\" \/>\n<link rel=\"canonical\" href=\"https:\/\/emmaccorporation.com\/fr\/le-recrutement-c-est-maintenant-chez-emmac-corporation\/\" \/>\n<meta property=\"og:locale\" content=\"fr_FR\" \/>\n<meta property=\"og:type\" content=\"article\" \/>\n<meta property=\"og:title\" content=\"LE RECRUTEMENT\" \/>\n<meta property=\"og:description\" content=\"Vous \u00eates \u00e0 la recherche d\u2019un emploi stimulant ou d\u2019un profil id\u00e9al pour renforcer votre \u00e9quipe ? Chez nous mettons en relation les meilleurs talents avec les opportunit\u00e9s qui leur correspondent. Candidats, entreprises, notre \u00e9quipe de recrutement est \u00e0 votre \u00e9coute et pr\u00eate \u00e0 vous accompagner. Contactez-nous d\u00e8s aujourd\u2019hui et ouvrez la porte \u00e0 de [&hellip;]\" \/>\n<meta property=\"og:url\" content=\"https:\/\/emmaccorporation.com\/fr\/le-recrutement-c-est-maintenant-chez-emmac-corporation\/\" \/>\n<meta property=\"og:site_name\" content=\"Emmac Corporation\" \/>\n<meta property=\"article:publisher\" content=\"https:\/\/www.facebook.com\/EMMACCorporation\" \/>\n<meta property=\"article:published_time\" content=\"2025-05-15T08:22:36+00:00\" \/>\n<meta property=\"article:modified_time\" content=\"2025-05-23T15:01:50+00:00\" \/>\n<meta property=\"og:image\" content=\"https:\/\/emmaccorporation.com\/fr\/wp-content\/uploads\/2025\/05\/Le-Recrutement-en-Mai-Recupere_resultatJPEG-TrueColor-v1.1.webp\" \/>\n\t<meta property=\"og:image:width\" content=\"2000\" \/>\n\t<meta property=\"og:image:height\" content=\"2000\" \/>\n\t<meta property=\"og:image:type\" content=\"image\/webp\" \/>\n<meta name=\"author\" content=\"administrateur\" \/>\n<meta name=\"twitter:card\" content=\"summary_large_image\" \/>\n<meta name=\"twitter:creator\" content=\"@emmaccorporati2\" \/>\n<meta name=\"twitter:site\" content=\"@emmaccorporati2\" \/>\n<meta name=\"twitter:label1\" content=\"\u00c9crit par\" \/>\n\t<meta name=\"twitter:data1\" content=\"administrateur\" \/>\n\t<meta name=\"twitter:label2\" content=\"Dur\u00e9e de lecture estim\u00e9e\" \/>\n\t<meta name=\"twitter:data2\" content=\"1 minute\" \/>\n<script type=\"application\/ld+json\" class=\"yoast-schema-graph\">{\"@context\":\"https:\\\/\\\/schema.org\",\"@graph\":[{\"@type\":\"Article\",\"@id\":\"https:\\\/\\\/emmaccorporation.com\\\/fr\\\/le-recrutement-c-est-maintenant-chez-emmac-corporation\\\/#article\",\"isPartOf\":{\"@id\":\"https:\\\/\\\/emmaccorporation.com\\\/fr\\\/le-recrutement-c-est-maintenant-chez-emmac-corporation\\\/\"},\"author\":{\"name\":\"administrateur\",\"@id\":\"https:\\\/\\\/emmaccorporation.com\\\/fr\\\/#\\\/schema\\\/person\\\/77a4a54746e7c6eece2474c96338c6d0\"},\"headline\":\"LE RECRUTEMENT\",\"datePublished\":\"2025-05-15T08:22:36+00:00\",\"dateModified\":\"2025-05-23T15:01:50+00:00\",\"mainEntityOfPage\":{\"@id\":\"https:\\\/\\\/emmaccorporation.com\\\/fr\\\/le-recrutement-c-est-maintenant-chez-emmac-corporation\\\/\"},\"wordCount\":64,\"commentCount\":0,\"publisher\":{\"@id\":\"https:\\\/\\\/emmaccorporation.com\\\/fr\\\/#organization\"},\"image\":{\"@id\":\"https:\\\/\\\/emmaccorporation.com\\\/fr\\\/le-recrutement-c-est-maintenant-chez-emmac-corporation\\\/#primaryimage\"},\"thumbnailUrl\":\"https:\\\/\\\/emmaccorporation.com\\\/fr\\\/wp-content\\\/uploads\\\/2025\\\/05\\\/Le-Recrutement-en-Mai-Recupere_resultatJPEG-TrueColor-v1.1.webp\",\"articleSection\":[\"Actualit\u00e9s\"],\"inLanguage\":\"fr-FR\",\"potentialAction\":[{\"@type\":\"CommentAction\",\"name\":\"Comment\",\"target\":[\"https:\\\/\\\/emmaccorporation.com\\\/fr\\\/le-recrutement-c-est-maintenant-chez-emmac-corporation\\\/#respond\"]}]},{\"@type\":\"WebPage\",\"@id\":\"https:\\\/\\\/emmaccorporation.com\\\/fr\\\/le-recrutement-c-est-maintenant-chez-emmac-corporation\\\/\",\"url\":\"https:\\\/\\\/emmaccorporation.com\\\/fr\\\/le-recrutement-c-est-maintenant-chez-emmac-corporation\\\/\",\"name\":\"LE RECRUTEMENT - Actualit\u00e9s - Emmac Corporation\",\"isPartOf\":{\"@id\":\"https:\\\/\\\/emmaccorporation.com\\\/fr\\\/#website\"},\"primaryImageOfPage\":{\"@id\":\"https:\\\/\\\/emmaccorporation.com\\\/fr\\\/le-recrutement-c-est-maintenant-chez-emmac-corporation\\\/#primaryimage\"},\"image\":{\"@id\":\"https:\\\/\\\/emmaccorporation.com\\\/fr\\\/le-recrutement-c-est-maintenant-chez-emmac-corporation\\\/#primaryimage\"},\"thumbnailUrl\":\"https:\\\/\\\/emmaccorporation.com\\\/fr\\\/wp-content\\\/uploads\\\/2025\\\/05\\\/Le-Recrutement-en-Mai-Recupere_resultatJPEG-TrueColor-v1.1.webp\",\"datePublished\":\"2025-05-15T08:22:36+00:00\",\"dateModified\":\"2025-05-23T15:01:50+00:00\",\"breadcrumb\":{\"@id\":\"https:\\\/\\\/emmaccorporation.com\\\/fr\\\/le-recrutement-c-est-maintenant-chez-emmac-corporation\\\/#breadcrumb\"},\"inLanguage\":\"fr-FR\",\"potentialAction\":[{\"@type\":\"ReadAction\",\"target\":[\"https:\\\/\\\/emmaccorporation.com\\\/fr\\\/le-recrutement-c-est-maintenant-chez-emmac-corporation\\\/\"]}]},{\"@type\":\"ImageObject\",\"inLanguage\":\"fr-FR\",\"@id\":\"https:\\\/\\\/emmaccorporation.com\\\/fr\\\/le-recrutement-c-est-maintenant-chez-emmac-corporation\\\/#primaryimage\",\"url\":\"https:\\\/\\\/emmaccorporation.com\\\/fr\\\/wp-content\\\/uploads\\\/2025\\\/05\\\/Le-Recrutement-en-Mai-Recupere_resultatJPEG-TrueColor-v1.1.webp\",\"contentUrl\":\"https:\\\/\\\/emmaccorporation.com\\\/fr\\\/wp-content\\\/uploads\\\/2025\\\/05\\\/Le-Recrutement-en-Mai-Recupere_resultatJPEG-TrueColor-v1.1.webp\",\"width\":2000,\"height\":2000},{\"@type\":\"BreadcrumbList\",\"@id\":\"https:\\\/\\\/emmaccorporation.com\\\/fr\\\/le-recrutement-c-est-maintenant-chez-emmac-corporation\\\/#breadcrumb\",\"itemListElement\":[{\"@type\":\"ListItem\",\"position\":1,\"name\":\"Accueil\",\"item\":\"https:\\\/\\\/emmaccorporation.com\\\/fr\\\/\"},{\"@type\":\"ListItem\",\"position\":2,\"name\":\"LE RECRUTEMENT\"}]},{\"@type\":\"WebSite\",\"@id\":\"https:\\\/\\\/emmaccorporation.com\\\/fr\\\/#website\",\"url\":\"https:\\\/\\\/emmaccorporation.com\\\/fr\\\/\",\"name\":\"Emmac Corporation\",\"description\":\"La cl\u00e9 de l&#039;excellence\",\"publisher\":{\"@id\":\"https:\\\/\\\/emmaccorporation.com\\\/fr\\\/#organization\"},\"alternateName\":\"emmac\",\"potentialAction\":[{\"@type\":\"SearchAction\",\"target\":{\"@type\":\"EntryPoint\",\"urlTemplate\":\"https:\\\/\\\/emmaccorporation.com\\\/fr\\\/?s={search_term_string}\"},\"query-input\":{\"@type\":\"PropertyValueSpecification\",\"valueRequired\":true,\"valueName\":\"search_term_string\"}}],\"inLanguage\":\"fr-FR\"},{\"@type\":\"Organization\",\"@id\":\"https:\\\/\\\/emmaccorporation.com\\\/fr\\\/#organization\",\"name\":\"EMMAC Corporation\",\"alternateName\":\"EMMAC\",\"url\":\"https:\\\/\\\/emmaccorporation.com\\\/fr\\\/\",\"logo\":{\"@type\":\"ImageObject\",\"inLanguage\":\"fr-FR\",\"@id\":\"https:\\\/\\\/emmaccorporation.com\\\/fr\\\/#\\\/schema\\\/logo\\\/image\\\/\",\"url\":\"https:\\\/\\\/emmaccorporation.com\\\/fr\\\/wp-content\\\/uploads\\\/2019\\\/09\\\/cropped-emmac_logo.jpg\",\"contentUrl\":\"https:\\\/\\\/emmaccorporation.com\\\/fr\\\/wp-content\\\/uploads\\\/2019\\\/09\\\/cropped-emmac_logo.jpg\",\"width\":512,\"height\":512,\"caption\":\"EMMAC Corporation\"},\"image\":{\"@id\":\"https:\\\/\\\/emmaccorporation.com\\\/fr\\\/#\\\/schema\\\/logo\\\/image\\\/\"},\"sameAs\":[\"https:\\\/\\\/www.facebook.com\\\/EMMACCorporation\",\"https:\\\/\\\/x.com\\\/emmaccorporati2\",\"https:\\\/\\\/www.instagram.com\\\/emmaccorporation\\\/\",\"https:\\\/\\\/www.linkedin.com\\\/company\\\/emmac-corporation\",\"https:\\\/\\\/www.youtube.com\\\/channel\\\/UC18a1uiY-9XzXOedwx622xw\"],\"description\":\"EMMAC Corporation est un cabinet panafricain de r\u00e9f\u00e9rence sp\u00e9cialis\u00e9 en Recrutement, Placement, Int\u00e9rim, Mise \u00e0 disposition, Formation et Gestion des Ressources Humaines...\",\"email\":\"infos@emmaccorporattion.com\",\"telephone\":\"00229 0196522323 - 00228 93545555 - 00225 0798212121\",\"legalName\":\"EMMAC CORPORATION\",\"foundingDate\":\"2015-07-31\"},{\"@type\":\"Person\",\"@id\":\"https:\\\/\\\/emmaccorporation.com\\\/fr\\\/#\\\/schema\\\/person\\\/77a4a54746e7c6eece2474c96338c6d0\",\"name\":\"administrateur\",\"image\":{\"@type\":\"ImageObject\",\"inLanguage\":\"fr-FR\",\"@id\":\"https:\\\/\\\/secure.gravatar.com\\\/avatar\\\/ab5a3056a186c65f63c59a2de19e081b423bce8989e42736e00b1e0f5504d7ee?s=96&d=mm&r=g\",\"url\":\"https:\\\/\\\/secure.gravatar.com\\\/avatar\\\/ab5a3056a186c65f63c59a2de19e081b423bce8989e42736e00b1e0f5504d7ee?s=96&d=mm&r=g\",\"contentUrl\":\"https:\\\/\\\/secure.gravatar.com\\\/avatar\\\/ab5a3056a186c65f63c59a2de19e081b423bce8989e42736e00b1e0f5504d7ee?s=96&d=mm&r=g\",\"caption\":\"administrateur\"},\"url\":\"https:\\\/\\\/emmaccorporation.com\\\/fr\\\/author\\\/admin\\\/\"}]}<\/script>\n<!-- \/ Yoast SEO Premium plugin. -->","yoast_head_json":{"title":"LE RECRUTEMENT - Actualit\u00e9s - Emmac Corporation","robots":{"index":"index","follow":"follow","max-snippet":"max-snippet:-1","max-image-preview":"max-image-preview:large","max-video-preview":"max-video-preview:-1"},"canonical":"https:\/\/emmaccorporation.com\/fr\/le-recrutement-c-est-maintenant-chez-emmac-corporation\/","og_locale":"fr_FR","og_type":"article","og_title":"LE RECRUTEMENT","og_description":"Vous \u00eates \u00e0 la recherche d\u2019un emploi stimulant ou d\u2019un profil id\u00e9al pour renforcer votre \u00e9quipe ? Chez nous mettons en relation les meilleurs talents avec les opportunit\u00e9s qui leur correspondent. Candidats, entreprises, notre \u00e9quipe de recrutement est \u00e0 votre \u00e9coute et pr\u00eate \u00e0 vous accompagner. Contactez-nous d\u00e8s aujourd\u2019hui et ouvrez la porte \u00e0 de [&hellip;]","og_url":"https:\/\/emmaccorporation.com\/fr\/le-recrutement-c-est-maintenant-chez-emmac-corporation\/","og_site_name":"Emmac Corporation","article_publisher":"https:\/\/www.facebook.com\/EMMACCorporation","article_published_time":"2025-05-15T08:22:36+00:00","article_modified_time":"2025-05-23T15:01:50+00:00","og_image":[{"width":2000,"height":2000,"url":"https:\/\/emmaccorporation.com\/fr\/wp-content\/uploads\/2025\/05\/Le-Recrutement-en-Mai-Recupere_resultatJPEG-TrueColor-v1.1.webp","type":"image\/webp"}],"author":"administrateur","twitter_card":"summary_large_image","twitter_creator":"@emmaccorporati2","twitter_site":"@emmaccorporati2","twitter_misc":{"\u00c9crit par":"administrateur","Dur\u00e9e de lecture estim\u00e9e":"1 minute"},"schema":{"@context":"https:\/\/schema.org","@graph":[{"@type":"Article","@id":"https:\/\/emmaccorporation.com\/fr\/le-recrutement-c-est-maintenant-chez-emmac-corporation\/#article","isPartOf":{"@id":"https:\/\/emmaccorporation.com\/fr\/le-recrutement-c-est-maintenant-chez-emmac-corporation\/"},"author":{"name":"administrateur","@id":"https:\/\/emmaccorporation.com\/fr\/#\/schema\/person\/77a4a54746e7c6eece2474c96338c6d0"},"headline":"LE RECRUTEMENT","datePublished":"2025-05-15T08:22:36+00:00","dateModified":"2025-05-23T15:01:50+00:00","mainEntityOfPage":{"@id":"https:\/\/emmaccorporation.com\/fr\/le-recrutement-c-est-maintenant-chez-emmac-corporation\/"},"wordCount":64,"commentCount":0,"publisher":{"@id":"https:\/\/emmaccorporation.com\/fr\/#organization"},"image":{"@id":"https:\/\/emmaccorporation.com\/fr\/le-recrutement-c-est-maintenant-chez-emmac-corporation\/#primaryimage"},"thumbnailUrl":"https:\/\/emmaccorporation.com\/fr\/wp-content\/uploads\/2025\/05\/Le-Recrutement-en-Mai-Recupere_resultatJPEG-TrueColor-v1.1.webp","articleSection":["Actualit\u00e9s"],"inLanguage":"fr-FR","potentialAction":[{"@type":"CommentAction","name":"Comment","target":["https:\/\/emmaccorporation.com\/fr\/le-recrutement-c-est-maintenant-chez-emmac-corporation\/#respond"]}]},{"@type":"WebPage","@id":"https:\/\/emmaccorporation.com\/fr\/le-recrutement-c-est-maintenant-chez-emmac-corporation\/","url":"https:\/\/emmaccorporation.com\/fr\/le-recrutement-c-est-maintenant-chez-emmac-corporation\/","name":"LE RECRUTEMENT - Actualit\u00e9s - Emmac Corporation","isPartOf":{"@id":"https:\/\/emmaccorporation.com\/fr\/#website"},"primaryImageOfPage":{"@id":"https:\/\/emmaccorporation.com\/fr\/le-recrutement-c-est-maintenant-chez-emmac-corporation\/#primaryimage"},"image":{"@id":"https:\/\/emmaccorporation.com\/fr\/le-recrutement-c-est-maintenant-chez-emmac-corporation\/#primaryimage"},"thumbnailUrl":"https:\/\/emmaccorporation.com\/fr\/wp-content\/uploads\/2025\/05\/Le-Recrutement-en-Mai-Recupere_resultatJPEG-TrueColor-v1.1.webp","datePublished":"2025-05-15T08:22:36+00:00","dateModified":"2025-05-23T15:01:50+00:00","breadcrumb":{"@id":"https:\/\/emmaccorporation.com\/fr\/le-recrutement-c-est-maintenant-chez-emmac-corporation\/#breadcrumb"},"inLanguage":"fr-FR","potentialAction":[{"@type":"ReadAction","target":["https:\/\/emmaccorporation.com\/fr\/le-recrutement-c-est-maintenant-chez-emmac-corporation\/"]}]},{"@type":"ImageObject","inLanguage":"fr-FR","@id":"https:\/\/emmaccorporation.com\/fr\/le-recrutement-c-est-maintenant-chez-emmac-corporation\/#primaryimage","url":"https:\/\/emmaccorporation.com\/fr\/wp-content\/uploads\/2025\/05\/Le-Recrutement-en-Mai-Recupere_resultatJPEG-TrueColor-v1.1.webp","contentUrl":"https:\/\/emmaccorporation.com\/fr\/wp-content\/uploads\/2025\/05\/Le-Recrutement-en-Mai-Recupere_resultatJPEG-TrueColor-v1.1.webp","width":2000,"height":2000},{"@type":"BreadcrumbList","@id":"https:\/\/emmaccorporation.com\/fr\/le-recrutement-c-est-maintenant-chez-emmac-corporation\/#breadcrumb","itemListElement":[{"@type":"ListItem","position":1,"name":"Accueil","item":"https:\/\/emmaccorporation.com\/fr\/"},{"@type":"ListItem","position":2,"name":"LE RECRUTEMENT"}]},{"@type":"WebSite","@id":"https:\/\/emmaccorporation.com\/fr\/#website","url":"https:\/\/emmaccorporation.com\/fr\/","name":"Emmac Corporation","description":"La cl\u00e9 de l&#039;excellence","publisher":{"@id":"https:\/\/emmaccorporation.com\/fr\/#organization"},"alternateName":"emmac","potentialAction":[{"@type":"SearchAction","target":{"@type":"EntryPoint","urlTemplate":"https:\/\/emmaccorporation.com\/fr\/?s={search_term_string}"},"query-input":{"@type":"PropertyValueSpecification","valueRequired":true,"valueName":"search_term_string"}}],"inLanguage":"fr-FR"},{"@type":"Organization","@id":"https:\/\/emmaccorporation.com\/fr\/#organization","name":"EMMAC Corporation","alternateName":"EMMAC","url":"https:\/\/emmaccorporation.com\/fr\/","logo":{"@type":"ImageObject","inLanguage":"fr-FR","@id":"https:\/\/emmaccorporation.com\/fr\/#\/schema\/logo\/image\/","url":"https:\/\/emmaccorporation.com\/fr\/wp-content\/uploads\/2019\/09\/cropped-emmac_logo.jpg","contentUrl":"https:\/\/emmaccorporation.com\/fr\/wp-content\/uploads\/2019\/09\/cropped-emmac_logo.jpg","width":512,"height":512,"caption":"EMMAC Corporation"},"image":{"@id":"https:\/\/emmaccorporation.com\/fr\/#\/schema\/logo\/image\/"},"sameAs":["https:\/\/www.facebook.com\/EMMACCorporation","https:\/\/x.com\/emmaccorporati2","https:\/\/www.instagram.com\/emmaccorporation\/","https:\/\/www.linkedin.com\/company\/emmac-corporation","https:\/\/www.youtube.com\/channel\/UC18a1uiY-9XzXOedwx622xw"],"description":"EMMAC Corporation est un cabinet panafricain de r\u00e9f\u00e9rence sp\u00e9cialis\u00e9 en Recrutement, Placement, Int\u00e9rim, Mise \u00e0 disposition, Formation et Gestion des Ressources Humaines...","email":"infos@emmaccorporattion.com","telephone":"00229 0196522323 - 00228 93545555 - 00225 0798212121","legalName":"EMMAC CORPORATION","foundingDate":"2015-07-31"},{"@type":"Person","@id":"https:\/\/emmaccorporation.com\/fr\/#\/schema\/person\/77a4a54746e7c6eece2474c96338c6d0","name":"administrateur","image":{"@type":"ImageObject","inLanguage":"fr-FR","@id":"https:\/\/secure.gravatar.com\/avatar\/ab5a3056a186c65f63c59a2de19e081b423bce8989e42736e00b1e0f5504d7ee?s=96&d=mm&r=g","url":"https:\/\/secure.gravatar.com\/avatar\/ab5a3056a186c65f63c59a2de19e081b423bce8989e42736e00b1e0f5504d7ee?s=96&d=mm&r=g","contentUrl":"https:\/\/secure.gravatar.com\/avatar\/ab5a3056a186c65f63c59a2de19e081b423bce8989e42736e00b1e0f5504d7ee?s=96&d=mm&r=g","caption":"administrateur"},"url":"https:\/\/emmaccorporation.com\/fr\/author\/admin\/"}]}},"publishpress_future_action":{"enabled":false,"date":"2026-05-08 12:05:31","action":"change-status","newStatus":"draft","terms":[],"taxonomy":"category","extraData":[]},"publishpress_future_workflow_manual_trigger":{"enabledWorkflows":[]},"_links":{"self":[{"href":"https:\/\/emmaccorporation.com\/fr\/wp-json\/wp\/v2\/posts\/7387","targetHints":{"allow":["GET"]}}],"collection":[{"href":"https:\/\/emmaccorporation.com\/fr\/wp-json\/wp\/v2\/posts"}],"about":[{"href":"https:\/\/emmaccorporation.com\/fr\/wp-json\/wp\/v2\/types\/post"}],"author":[{"embeddable":true,"href":"https:\/\/emmaccorporation.com\/fr\/wp-json\/wp\/v2\/users\/1"}],"replies":[{"embeddable":true,"href":"https:\/\/emmaccorporation.com\/fr\/wp-json\/wp\/v2\/comments?post=7387"}],"version-history":[{"count":17,"href":"https:\/\/emmaccorporation.com\/fr\/wp-json\/wp\/v2\/posts\/7387\/revisions"}],"predecessor-version":[{"id":8560,"href":"https:\/\/emmaccorporation.com\/fr\/wp-json\/wp\/v2\/posts\/7387\/revisions\/8560"}],"wp:featuredmedia":[{"embeddable":true,"href":"https:\/\/emmaccorporation.com\/fr\/wp-json\/wp\/v2\/media\/8559"}],"wp:attachment":[{"href":"https:\/\/emmaccorporation.com\/fr\/wp-json\/wp\/v2\/media?parent=7387"}],"wp:term":[{"taxonomy":"category","embeddable":true,"href":"https:\/\/emmaccorporation.com\/fr\/wp-json\/wp\/v2\/categories?post=7387"},{"taxonomy":"post_tag","embeddable":true,"href":"https:\/\/emmaccorporation.com\/fr\/wp-json\/wp\/v2\/tags?post=7387"}],"curies":[{"name":"wp","href":"https:\/\/api.w.org\/{rel}","templated":true}]}}