{"id":4814,"date":"2021-09-28T18:07:55","date_gmt":"2021-09-28T17:07:55","guid":{"rendered":"https:\/\/emmaccorporation.com\/fr\/?p=4814"},"modified":"2021-09-28T20:33:04","modified_gmt":"2021-09-28T19:33:04","slug":"assistante-de-direction-2","status":"publish","type":"post","link":"https:\/\/emmaccorporation.com\/fr\/assistante-de-direction-2\/","title":{"rendered":"Une Assistante de Direction"},"content":{"rendered":"<p>[et_pb_section fb_built=\u00a0\u00bb1&Prime; admin_label=\u00a0\u00bbsection\u00a0\u00bb _builder_version=\u00a0\u00bb3.0.47&Prime;][et_pb_row admin_label=\u00a0\u00bbrow\u00a0\u00bb _builder_version=\u00a0\u00bb3.0.48&Prime; background_size=\u00a0\u00bbinitial\u00a0\u00bb background_position=\u00a0\u00bbtop_left\u00a0\u00bb background_repeat=\u00a0\u00bbrepeat\u00a0\u00bb][et_pb_column type=\u00a0\u00bb4_4&Prime; _builder_version=\u00a0\u00bb3.0.47&Prime; parallax=\u00a0\u00bboff\u00a0\u00bb parallax_method=\u00a0\u00bbon\u00a0\u00bb][et_pb_text admin_label=\u00a0\u00bbText\u00a0\u00bb _builder_version=\u00a0\u00bb3.0.74&Prime; background_size=\u00a0\u00bbinitial\u00a0\u00bb background_position=\u00a0\u00bbtop_left\u00a0\u00bb background_repeat=\u00a0\u00bbrepeat\u00a0\u00bb]\t\t\t\t\t<\/p>\n<pre><a href=\"https:\/\/emmaccorporation.com\/fr\/assistante-de-direction-2\/\"><span style=\"color: #333333; font-family: arial, helvetica, sans-serif;\"><strong>Une Assistante de Direction<\/strong><\/span><\/a>\r\n<span style=\"color: #333333; font-family: arial, helvetica, sans-serif;\">Le Cabinet EMMAC Corporation recrute pour le compte d\u2019une soci\u00e9t\u00e9 une\u00a0<strong><a href=\"https:\/\/emmaccorporation.com\/fr\/assistante-de-direction-2\/\">Assistante de Direction<\/a>.<\/strong><\/span>\r\n<span style=\"color: #333333; font-family: arial, helvetica, sans-serif;\">Date limite : 15-10-2021 \u00e0 18h30<\/span>\r\n\r\n<span style=\"color: #333333; font-family: arial, helvetica, sans-serif;\">Sous la supervision directe du Directeur de la soci\u00e9t\u00e9, l\u2019<a href=\"https:\/\/emmaccorporation.com\/fr\/assistante-de-direction-2\/\">Assistante de Direction<\/a> est charg\u00e9e de l\u2019assister dans la conception, \r\nle d\u00e9veloppement, la r\u00e9alisation des activit\u00e9s et la gestion de ses responsabilit\u00e9s. \r\nElle est l\u2019unique responsable et garante de la bonne ex\u00e9cution des activit\u00e9s \u00e0 elles confi\u00e9es par le Directeur et de l\u2019obtention \r\ndes r\u00e9sultats attendus.<\/span>\r\n\r\n<span style=\"color: #333333; font-family: arial, helvetica, sans-serif;\"><strong>A- MISSIONS ET RESPONSABILIT\u00c9S<\/strong><\/span>\r\n<span style=\"color: #333333; font-family: arial, helvetica, sans-serif;\">\u00a0 \u00a0 \u00a0- Planifier les rendez-vous, le planning du Directeur, et trier les appels et les accueils physiques.<\/span>\r\n<span style=\"color: #333333; font-family: arial, helvetica, sans-serif;\">\u00a0 \u00a0 \u00a0- \u00c9tablir et r\u00e9diger des courriers, notes, rapports, \u2026.<\/span>\r\n<span style=\"color: #333333; font-family: arial, helvetica, sans-serif;\">\u00a0 \u00a0 \u00a0- \u00c9tudier et fait suivre les notes de service, les d\u00e9cisions, les contrats en interne et en externe.<\/span>\r\n<span style=\"color: #333333; font-family: arial, helvetica, sans-serif;\">\u00a0 \u00a0 \u00a0- Planifier les d\u00e9placements de membres de l\u2019\u00e9quipe ou du responsable.<\/span>\r\n<span style=\"color: #333333; font-family: arial, helvetica, sans-serif;\">\u00a0 \u00a0 \u00a0- Pr\u00e9voir et organiser les r\u00e9unions (convocations, pr\u00e9paration des dossiers, \u2026).<\/span>\r\n<span style=\"color: #333333; font-family: arial, helvetica, sans-serif;\">\u00a0 \u00a0 \u00a0- Proc\u00e9der \u00e0 la frappe de documents, \u00e0 la gestion des messages \u00e9lectroniques et au traitement du courrier.<\/span>\r\n<span style=\"color: #333333; font-family: arial, helvetica, sans-serif;\">\u00a0 \u00a0 \u00a0- Mettre \u00e0 jour les informations r\u00e9glementaires et professionnelles et s\u2019occupe du classement, de l\u2019archivage des documents<\/span>\r\n<span style=\"color: #333333; font-family: arial, helvetica, sans-serif;\">\u00a0 \u00a0 \u00a0- Participation \u00e0 la communication interne et externe<\/span>\r\n<span style=\"color: #333333; font-family: arial, helvetica, sans-serif;\">\u00a0 \u00a0 \u00a0- Prise de rendez-vous t\u00e9l\u00e9phonique et r\u00e9alisation de mailing<\/span>\r\n<span style=\"color: #333333; font-family: arial, helvetica, sans-serif;\">\u00a0 \u00a0 \u00a0- Filtrer les appels ou les demandes en fonction de leur importance et des priorit\u00e9s\u00a0<\/span>\r\n<span style=\"color: #333333; font-family: arial, helvetica, sans-serif;\">\u00a0 \u00a0 \u00a0- Assurer la gestion des demandes de r\u00e9servation des salles de conf\u00e9rence et de r\u00e9union\u00a0<\/span>\r\n\r\n<span style=\"color: #333333; font-family: arial, helvetica, sans-serif;\"><strong>B- Atouts<\/strong><\/span>\r\n<span style=\"color: #333333; font-family: arial, helvetica, sans-serif;\">\u00a0 \u00a0 \u00a0- Conna\u00eetre les proc\u00e9dures administratives<\/span>\r\n<span style=\"color: #333333; font-family: arial, helvetica, sans-serif;\">\u00a0 \u00a0 \u00a0- Avoir le sens de l\u2019initiative<\/span>\r\n<span style=\"color: #333333; font-family: arial, helvetica, sans-serif;\">\u00a0 \u00a0 \u00a0- Savoir s\u2019adapter<\/span>\r\n<span style=\"color: #333333; font-family: arial, helvetica, sans-serif;\">\u00a0 \u00a0 \u00a0- \u00catre rigoureuse et pr\u00e9cise<\/span>\r\n<span style=\"color: #333333; font-family: arial, helvetica, sans-serif;\">\u00a0 \u00a0 \u00a0- Savoir analyser et synth\u00e9tiser<\/span>\r\n<span style=\"color: #333333; font-family: arial, helvetica, sans-serif;\">\u00a0 \u00a0 \u00a0- Savoir \u00e9couter<\/span>\r\n<span style=\"color: #333333; font-family: arial, helvetica, sans-serif;\">\u00a0 \u00a0 \u00a0- Faire preuve de capacit\u00e9s relationnelles et de communication<\/span>\r\n<span style=\"color: #333333; font-family: arial, helvetica, sans-serif;\">\u00a0 \u00a0 \u00a0- Savoir planifier et organiser sa charge de travail<\/span>\r\n<span style=\"color: #333333; font-family: arial, helvetica, sans-serif;\">\u00a0 \u00a0 \u00a0- Savoir travailler en \u00e9quipe<\/span>\r\n<span style=\"color: #333333; font-family: arial, helvetica, sans-serif;\">\u00a0 \u00a0 \u00a0- Accueillir et prendre des messages<\/span>\r\n<span style=\"color: #333333; font-family: arial, helvetica, sans-serif;\">\u00a0 \u00a0 \u00a0- Savoir rendre compte de son activit\u00e9\u00a0<\/span>\r\n<span style=\"color: #333333; font-family: arial, helvetica, sans-serif;\">\u00a0 \u00a0 \u00a0- \u00catre discr\u00e8te, dynamique, organis\u00e9e, et pr\u00e9sentable<\/span>\r\n<span style=\"color: #333333; font-family: arial, helvetica, sans-serif;\">\u00a0 \u00a0 \u00a0- Connaissance de l\u2019organisation g\u00e9n\u00e9rale et du fonctionnement du travail en entreprise<\/span>\r\n<span style=\"color: #333333; font-family: arial, helvetica, sans-serif;\">\u00a0 \u00a0 \u00a0- Connaissance g\u00e9n\u00e9rale des techniques de gestion administrative et de secr\u00e9tariat\u00a0<\/span>\r\n<span style=\"color: #333333; font-family: arial, helvetica, sans-serif;\">\u00a0 \u00a0 \u00a0- Bonne capacit\u00e9 r\u00e9dactionnelle\u00a0<\/span>\r\n<span style=\"color: #333333; font-family: arial, helvetica, sans-serif;\">\u00a0 \u00a0 \u00a0- Tr\u00e8s bonne ma\u00eetrise des techniques bureautiques<\/span>\r\n<span style=\"color: #333333; font-family: arial, helvetica, sans-serif;\">\u00a0 \u00a0 \u00a0- Excellente expression orale et r\u00e9dactionnelle\u00a0<\/span>\r\n<span style=\"color: #333333; font-family: arial, helvetica, sans-serif;\">\u00a0 \u00a0 \u00a0- Ma\u00eetrise des outils de bureautiques (Word, Excel, Outlook, PowerPoint\u2026)\u00a0<\/span>\r\n<span style=\"color: #333333; font-family: arial, helvetica, sans-serif;\">\u00a0 \u00a0 \u00a0- Tr\u00e8s bonne utilisation des modes de communication (t\u00e9l\u00e9phone, fax, messagerie, Agenda \u00e9lectronique\u2026)\u00a0 \u00a0 \u00a0 \u00a0\u00a0<\/span>\r\n<span style=\"color: #333333; font-family: arial, helvetica, sans-serif;\">\u00a0 \u00a0 \u00a0- Analyse et gestion des demandes d\u2019information.<\/span>\r\n<span style=\"color: #333333; font-family: arial, helvetica, sans-serif;\">\u00a0 \u00a0 \u00a0- Capacit\u00e9 d\u2019organisation, polyvalence<\/span>\r\n<span style=\"color: #333333; font-family: arial, helvetica, sans-serif;\">\u00a0 \u00a0 \u00a0- Discr\u00e9tion, sens de la confidentialit\u00e9\u00a0 \u00a0 \u00a0 \u00a0\u00a0<\/span>\r\n<span style=\"color: #333333; font-family: arial, helvetica, sans-serif;\">\u00a0 \u00a0 \u00a0- Bon relationnel et bonne pr\u00e9sentation\u00a0<\/span>\r\n<span style=\"color: #333333; font-family: arial, helvetica, sans-serif;\">\u00a0 \u00a0 \u00a0- Forte capacit\u00e9 d\u2019organisation et du travail en \u00e9quipe<\/span>\r\n<span style=\"color: #333333; font-family: arial, helvetica, sans-serif;\">\u00a0 \u00a0 \u00a0- Rigueur et ponctualit\u00e9<\/span>\r\n<span style=\"color: #333333; font-family: arial, helvetica, sans-serif;\">\u00a0 \u00a0 \u00a0- Bonne capacit\u00e9 de r\u00e9sistance au stress\u00a0<\/span>\r\n<span style=\"color: #333333; font-family: arial, helvetica, sans-serif;\">\u00a0 \u00a0 \u00a0- sens de l\u2019anticipation, de l\u2019initiative\u00a0<\/span>\r\n\r\n<span style=\"color: #333333; font-family: arial, helvetica, sans-serif;\"><strong>C- PROFIL<\/strong><\/span>\r\n<span style=\"color: #333333; font-family: arial, helvetica, sans-serif;\">\u00a0 \u00a0 \u00a0\u00catre titulaire d\u2019un BAC+2 en Secr\u00e9tariat de direction, gestion, Marketing, Administration ou dans tout autre domaine connexe ;<\/span>\r\n<span style=\"color: #333333; font-family: arial, helvetica, sans-serif;\">  \u00a0 Avoir au minimum 2 ann\u00e9e d\u2019exp\u00e9riences av\u00e9r\u00e9e dans le domaine\u00a0\r\n<\/span>\r\n<span style=\"color: #333333; font-family: arial, helvetica, sans-serif;\"><strong>D-PIECE A FOURNIR &amp; LIEU\u00a0DE DEPOT<\/strong><\/span>\r\n<span style=\"color: #333333; font-family: arial, helvetica, sans-serif;\">Veuillez envoyer votre CV \u00e0 l\u2019adresse :\u00a0<a style=\"color: #333333;\" href=\"mailto:recrutement@emmaccorporation.com\">recrutement@emmaccorporation.com<\/a>\u00a0ou rendez-vous au si\u00e8ge du cabinet \u00e0 \r\nscoa-gheto en face de l\u2019\u00e9glise protestante CSP<\/span>\r\n\r\n<span style=\"color: #333333; font-family: arial, helvetica, sans-serif;\"><strong>E-Date limite :<\/strong>\u00a015\/10\/2021<\/span>\r\n\r\n<span style=\"color: #333333; font-family: arial, helvetica, sans-serif;\"><strong>F-T\u00e9l<\/strong>\u00a0: (+229) 96 52 23 23 \u2013 96 52 27 27 \u2013 95 04 08 08\r\n\r\n<a href=\"https:\/\/emmaccorporation.com\/fr\/assistante-de-direction-2\/\">https:\/\/emmaccorporation.com\/fr\/assistante-de-direction-2\/<\/a>\r\n\r\nTwitter: <a href=\"https:\/\/twitter.com\/EMMACCorporati2\/status\/1442923644724789248\">https:\/\/twitter.com\/EMMACCorporati2\/status\/1442923644724789248<\/a>\r\nLinkedin:  <a href=\"https:\/\/www.linkedin.com\/feed\/update\/urn:li:activity:6848696526173274112\/\">https:\/\/www.linkedin.com\/feed\/update\/urn:li:activity:6848696526173274112\/<\/a> \r\nGoogle Business: <a href=\"https:\/\/local.google.com\/place?id=190808846965385659&amp;use=posts&amp;lpsid=4199913964315898982\">https:\/\/local.google.com\/place?id=190808846965385659&amp;use=posts&amp;lpsid=4199913964315898982<\/a>\r\n<\/span><\/pre>\n<p>[\/et_pb_text][wpforms_selector _builder_version=\u00a0\u00bb3.15&Prime; form_id=\u00a0\u00bb4639&Prime; show_title=\u00a0\u00bbon\u00a0\u00bb show_desc=\u00a0\u00bbon\u00a0\u00bb][\/wpforms_selector][\/et_pb_column][\/et_pb_row][\/et_pb_section]<\/p>\n","protected":false},"excerpt":{"rendered":"<p>Le Cabinet EMMAC Corporation recrute pour le compte d\u2019une soci\u00e9t\u00e9 une\u00a0Assistante de Direction.<br \/>\nDate limite : 15-10-2021 \u00e0 18h30<\/p>\n","protected":false},"author":1,"featured_media":0,"comment_status":"open","ping_status":"open","sticky":false,"template":"","format":"standard","meta":{"footnotes":""},"categories":[9],"tags":[],"class_list":["post-4814","post","type-post","status-publish","format-standard","hentry","category-offres-demploi"],"yoast_head":"<!-- This site is optimized with the Yoast SEO Premium plugin v27.1 (Yoast SEO v27.5) - https:\/\/yoast.com\/product\/yoast-seo-premium-wordpress\/ -->\n<title>Une Assistante de Direction - Emmac Corporation<\/title>\n<meta name=\"description\" content=\"Le Cabinet EMMAC Corporation recrute pour le compte d\u2019une soci\u00e9t\u00e9 une\u00a0Assistante de Direction.Date limite : 15-10-2021 \u00e0 18h30\" \/>\n<meta name=\"robots\" content=\"index, follow, max-snippet:-1, max-image-preview:large, max-video-preview:-1\" \/>\n<link rel=\"canonical\" href=\"https:\/\/emmaccorporation.com\/fr\/assistante-de-direction-2\/\" \/>\n<meta property=\"og:locale\" content=\"fr_FR\" \/>\n<meta property=\"og:type\" content=\"article\" \/>\n<meta property=\"og:title\" content=\"Une Assistante de Direction\" \/>\n<meta property=\"og:description\" content=\"Le Cabinet EMMAC Corporation recrute pour le compte d\u2019une soci\u00e9t\u00e9 une\u00a0Assistante de Direction.Date limite : 15-10-2021 \u00e0 18h30\" \/>\n<meta property=\"og:url\" content=\"https:\/\/emmaccorporation.com\/fr\/assistante-de-direction-2\/\" \/>\n<meta property=\"og:site_name\" content=\"Emmac Corporation\" \/>\n<meta property=\"article:publisher\" content=\"https:\/\/www.facebook.com\/EMMACCorporation\" \/>\n<meta property=\"article:published_time\" content=\"2021-09-28T17:07:55+00:00\" \/>\n<meta property=\"article:modified_time\" content=\"2021-09-28T19:33:04+00:00\" \/>\n<meta property=\"og:image\" content=\"https:\/\/emmaccorporation.com\/fr\/wp-content\/uploads\/2019\/09\/cropped-emmac_logo.jpg\" \/>\n\t<meta property=\"og:image:width\" content=\"512\" \/>\n\t<meta property=\"og:image:height\" content=\"512\" \/>\n\t<meta property=\"og:image:type\" content=\"image\/jpeg\" \/>\n<meta name=\"author\" content=\"administrateur\" \/>\n<meta name=\"twitter:card\" content=\"summary_large_image\" \/>\n<meta name=\"twitter:creator\" content=\"@emmaccorporati2\" \/>\n<meta name=\"twitter:site\" content=\"@emmaccorporati2\" \/>\n<meta name=\"twitter:label1\" content=\"\u00c9crit par\" \/>\n\t<meta name=\"twitter:data1\" content=\"administrateur\" \/>\n\t<meta name=\"twitter:label2\" content=\"Dur\u00e9e de lecture estim\u00e9e\" \/>\n\t<meta name=\"twitter:data2\" content=\"3 minutes\" \/>\n<script type=\"application\/ld+json\" class=\"yoast-schema-graph\">{\"@context\":\"https:\\\/\\\/schema.org\",\"@graph\":[{\"@type\":\"Article\",\"@id\":\"https:\\\/\\\/emmaccorporation.com\\\/fr\\\/assistante-de-direction-2\\\/#article\",\"isPartOf\":{\"@id\":\"https:\\\/\\\/emmaccorporation.com\\\/fr\\\/assistante-de-direction-2\\\/\"},\"author\":{\"name\":\"administrateur\",\"@id\":\"https:\\\/\\\/emmaccorporation.com\\\/fr\\\/#\\\/schema\\\/person\\\/77a4a54746e7c6eece2474c96338c6d0\"},\"headline\":\"Une Assistante de Direction\",\"datePublished\":\"2021-09-28T17:07:55+00:00\",\"dateModified\":\"2021-09-28T19:33:04+00:00\",\"mainEntityOfPage\":{\"@id\":\"https:\\\/\\\/emmaccorporation.com\\\/fr\\\/assistante-de-direction-2\\\/\"},\"wordCount\":87,\"commentCount\":0,\"publisher\":{\"@id\":\"https:\\\/\\\/emmaccorporation.com\\\/fr\\\/#organization\"},\"articleSection\":[\"Offres d'emploi\"],\"inLanguage\":\"fr-FR\",\"potentialAction\":[{\"@type\":\"CommentAction\",\"name\":\"Comment\",\"target\":[\"https:\\\/\\\/emmaccorporation.com\\\/fr\\\/assistante-de-direction-2\\\/#respond\"]}]},{\"@type\":\"WebPage\",\"@id\":\"https:\\\/\\\/emmaccorporation.com\\\/fr\\\/assistante-de-direction-2\\\/\",\"url\":\"https:\\\/\\\/emmaccorporation.com\\\/fr\\\/assistante-de-direction-2\\\/\",\"name\":\"Une Assistante de Direction - Emmac Corporation\",\"isPartOf\":{\"@id\":\"https:\\\/\\\/emmaccorporation.com\\\/fr\\\/#website\"},\"datePublished\":\"2021-09-28T17:07:55+00:00\",\"dateModified\":\"2021-09-28T19:33:04+00:00\",\"description\":\"Le Cabinet EMMAC Corporation recrute pour le compte d\u2019une soci\u00e9t\u00e9 une\u00a0Assistante de Direction.Date limite : 15-10-2021 \u00e0 18h30\",\"breadcrumb\":{\"@id\":\"https:\\\/\\\/emmaccorporation.com\\\/fr\\\/assistante-de-direction-2\\\/#breadcrumb\"},\"inLanguage\":\"fr-FR\",\"potentialAction\":[{\"@type\":\"ReadAction\",\"target\":[\"https:\\\/\\\/emmaccorporation.com\\\/fr\\\/assistante-de-direction-2\\\/\"]}]},{\"@type\":\"BreadcrumbList\",\"@id\":\"https:\\\/\\\/emmaccorporation.com\\\/fr\\\/assistante-de-direction-2\\\/#breadcrumb\",\"itemListElement\":[{\"@type\":\"ListItem\",\"position\":1,\"name\":\"Accueil\",\"item\":\"https:\\\/\\\/emmaccorporation.com\\\/fr\\\/\"},{\"@type\":\"ListItem\",\"position\":2,\"name\":\"Une Assistante de Direction\"}]},{\"@type\":\"WebSite\",\"@id\":\"https:\\\/\\\/emmaccorporation.com\\\/fr\\\/#website\",\"url\":\"https:\\\/\\\/emmaccorporation.com\\\/fr\\\/\",\"name\":\"Emmac Corporation\",\"description\":\"La cl\u00e9 de l&#039;excellence\",\"publisher\":{\"@id\":\"https:\\\/\\\/emmaccorporation.com\\\/fr\\\/#organization\"},\"alternateName\":\"emmac\",\"potentialAction\":[{\"@type\":\"SearchAction\",\"target\":{\"@type\":\"EntryPoint\",\"urlTemplate\":\"https:\\\/\\\/emmaccorporation.com\\\/fr\\\/?s={search_term_string}\"},\"query-input\":{\"@type\":\"PropertyValueSpecification\",\"valueRequired\":true,\"valueName\":\"search_term_string\"}}],\"inLanguage\":\"fr-FR\"},{\"@type\":\"Organization\",\"@id\":\"https:\\\/\\\/emmaccorporation.com\\\/fr\\\/#organization\",\"name\":\"EMMAC Corporation\",\"alternateName\":\"EMMAC\",\"url\":\"https:\\\/\\\/emmaccorporation.com\\\/fr\\\/\",\"logo\":{\"@type\":\"ImageObject\",\"inLanguage\":\"fr-FR\",\"@id\":\"https:\\\/\\\/emmaccorporation.com\\\/fr\\\/#\\\/schema\\\/logo\\\/image\\\/\",\"url\":\"https:\\\/\\\/emmaccorporation.com\\\/fr\\\/wp-content\\\/uploads\\\/2019\\\/09\\\/cropped-emmac_logo.jpg\",\"contentUrl\":\"https:\\\/\\\/emmaccorporation.com\\\/fr\\\/wp-content\\\/uploads\\\/2019\\\/09\\\/cropped-emmac_logo.jpg\",\"width\":512,\"height\":512,\"caption\":\"EMMAC Corporation\"},\"image\":{\"@id\":\"https:\\\/\\\/emmaccorporation.com\\\/fr\\\/#\\\/schema\\\/logo\\\/image\\\/\"},\"sameAs\":[\"https:\\\/\\\/www.facebook.com\\\/EMMACCorporation\",\"https:\\\/\\\/x.com\\\/emmaccorporati2\",\"https:\\\/\\\/www.instagram.com\\\/emmaccorporation\\\/\",\"https:\\\/\\\/www.linkedin.com\\\/company\\\/emmac-corporation\",\"https:\\\/\\\/www.youtube.com\\\/channel\\\/UC18a1uiY-9XzXOedwx622xw\"],\"description\":\"EMMAC Corporation est un cabinet panafricain de r\u00e9f\u00e9rence sp\u00e9cialis\u00e9 en Recrutement, Placement, Int\u00e9rim, Mise \u00e0 disposition, Formation et Gestion des Ressources Humaines...\",\"email\":\"infos@emmaccorporattion.com\",\"telephone\":\"00229 0196522323 - 00228 93545555 - 00225 0798212121\",\"legalName\":\"EMMAC CORPORATION\",\"foundingDate\":\"2015-07-31\"},{\"@type\":\"Person\",\"@id\":\"https:\\\/\\\/emmaccorporation.com\\\/fr\\\/#\\\/schema\\\/person\\\/77a4a54746e7c6eece2474c96338c6d0\",\"name\":\"administrateur\",\"image\":{\"@type\":\"ImageObject\",\"inLanguage\":\"fr-FR\",\"@id\":\"https:\\\/\\\/secure.gravatar.com\\\/avatar\\\/ab5a3056a186c65f63c59a2de19e081b423bce8989e42736e00b1e0f5504d7ee?s=96&d=mm&r=g\",\"url\":\"https:\\\/\\\/secure.gravatar.com\\\/avatar\\\/ab5a3056a186c65f63c59a2de19e081b423bce8989e42736e00b1e0f5504d7ee?s=96&d=mm&r=g\",\"contentUrl\":\"https:\\\/\\\/secure.gravatar.com\\\/avatar\\\/ab5a3056a186c65f63c59a2de19e081b423bce8989e42736e00b1e0f5504d7ee?s=96&d=mm&r=g\",\"caption\":\"administrateur\"},\"url\":\"https:\\\/\\\/emmaccorporation.com\\\/fr\\\/author\\\/admin\\\/\"}]}<\/script>\n<!-- \/ Yoast SEO Premium plugin. -->","yoast_head_json":{"title":"Une Assistante de Direction - Emmac Corporation","description":"Le Cabinet EMMAC Corporation recrute pour le compte d\u2019une soci\u00e9t\u00e9 une\u00a0Assistante de Direction.Date limite : 15-10-2021 \u00e0 18h30","robots":{"index":"index","follow":"follow","max-snippet":"max-snippet:-1","max-image-preview":"max-image-preview:large","max-video-preview":"max-video-preview:-1"},"canonical":"https:\/\/emmaccorporation.com\/fr\/assistante-de-direction-2\/","og_locale":"fr_FR","og_type":"article","og_title":"Une Assistante de Direction","og_description":"Le Cabinet EMMAC Corporation recrute pour le compte d\u2019une soci\u00e9t\u00e9 une\u00a0Assistante de Direction.Date limite : 15-10-2021 \u00e0 18h30","og_url":"https:\/\/emmaccorporation.com\/fr\/assistante-de-direction-2\/","og_site_name":"Emmac Corporation","article_publisher":"https:\/\/www.facebook.com\/EMMACCorporation","article_published_time":"2021-09-28T17:07:55+00:00","article_modified_time":"2021-09-28T19:33:04+00:00","og_image":[{"width":512,"height":512,"url":"https:\/\/emmaccorporation.com\/fr\/wp-content\/uploads\/2019\/09\/cropped-emmac_logo.jpg","type":"image\/jpeg"}],"author":"administrateur","twitter_card":"summary_large_image","twitter_creator":"@emmaccorporati2","twitter_site":"@emmaccorporati2","twitter_misc":{"\u00c9crit par":"administrateur","Dur\u00e9e de lecture estim\u00e9e":"3 minutes"},"schema":{"@context":"https:\/\/schema.org","@graph":[{"@type":"Article","@id":"https:\/\/emmaccorporation.com\/fr\/assistante-de-direction-2\/#article","isPartOf":{"@id":"https:\/\/emmaccorporation.com\/fr\/assistante-de-direction-2\/"},"author":{"name":"administrateur","@id":"https:\/\/emmaccorporation.com\/fr\/#\/schema\/person\/77a4a54746e7c6eece2474c96338c6d0"},"headline":"Une Assistante de Direction","datePublished":"2021-09-28T17:07:55+00:00","dateModified":"2021-09-28T19:33:04+00:00","mainEntityOfPage":{"@id":"https:\/\/emmaccorporation.com\/fr\/assistante-de-direction-2\/"},"wordCount":87,"commentCount":0,"publisher":{"@id":"https:\/\/emmaccorporation.com\/fr\/#organization"},"articleSection":["Offres d'emploi"],"inLanguage":"fr-FR","potentialAction":[{"@type":"CommentAction","name":"Comment","target":["https:\/\/emmaccorporation.com\/fr\/assistante-de-direction-2\/#respond"]}]},{"@type":"WebPage","@id":"https:\/\/emmaccorporation.com\/fr\/assistante-de-direction-2\/","url":"https:\/\/emmaccorporation.com\/fr\/assistante-de-direction-2\/","name":"Une Assistante de Direction - Emmac Corporation","isPartOf":{"@id":"https:\/\/emmaccorporation.com\/fr\/#website"},"datePublished":"2021-09-28T17:07:55+00:00","dateModified":"2021-09-28T19:33:04+00:00","description":"Le Cabinet EMMAC Corporation recrute pour le compte d\u2019une soci\u00e9t\u00e9 une\u00a0Assistante de Direction.Date limite : 15-10-2021 \u00e0 18h30","breadcrumb":{"@id":"https:\/\/emmaccorporation.com\/fr\/assistante-de-direction-2\/#breadcrumb"},"inLanguage":"fr-FR","potentialAction":[{"@type":"ReadAction","target":["https:\/\/emmaccorporation.com\/fr\/assistante-de-direction-2\/"]}]},{"@type":"BreadcrumbList","@id":"https:\/\/emmaccorporation.com\/fr\/assistante-de-direction-2\/#breadcrumb","itemListElement":[{"@type":"ListItem","position":1,"name":"Accueil","item":"https:\/\/emmaccorporation.com\/fr\/"},{"@type":"ListItem","position":2,"name":"Une Assistante de Direction"}]},{"@type":"WebSite","@id":"https:\/\/emmaccorporation.com\/fr\/#website","url":"https:\/\/emmaccorporation.com\/fr\/","name":"Emmac Corporation","description":"La cl\u00e9 de l&#039;excellence","publisher":{"@id":"https:\/\/emmaccorporation.com\/fr\/#organization"},"alternateName":"emmac","potentialAction":[{"@type":"SearchAction","target":{"@type":"EntryPoint","urlTemplate":"https:\/\/emmaccorporation.com\/fr\/?s={search_term_string}"},"query-input":{"@type":"PropertyValueSpecification","valueRequired":true,"valueName":"search_term_string"}}],"inLanguage":"fr-FR"},{"@type":"Organization","@id":"https:\/\/emmaccorporation.com\/fr\/#organization","name":"EMMAC Corporation","alternateName":"EMMAC","url":"https:\/\/emmaccorporation.com\/fr\/","logo":{"@type":"ImageObject","inLanguage":"fr-FR","@id":"https:\/\/emmaccorporation.com\/fr\/#\/schema\/logo\/image\/","url":"https:\/\/emmaccorporation.com\/fr\/wp-content\/uploads\/2019\/09\/cropped-emmac_logo.jpg","contentUrl":"https:\/\/emmaccorporation.com\/fr\/wp-content\/uploads\/2019\/09\/cropped-emmac_logo.jpg","width":512,"height":512,"caption":"EMMAC Corporation"},"image":{"@id":"https:\/\/emmaccorporation.com\/fr\/#\/schema\/logo\/image\/"},"sameAs":["https:\/\/www.facebook.com\/EMMACCorporation","https:\/\/x.com\/emmaccorporati2","https:\/\/www.instagram.com\/emmaccorporation\/","https:\/\/www.linkedin.com\/company\/emmac-corporation","https:\/\/www.youtube.com\/channel\/UC18a1uiY-9XzXOedwx622xw"],"description":"EMMAC Corporation est un cabinet panafricain de r\u00e9f\u00e9rence sp\u00e9cialis\u00e9 en Recrutement, Placement, Int\u00e9rim, Mise \u00e0 disposition, Formation et Gestion des Ressources Humaines...","email":"infos@emmaccorporattion.com","telephone":"00229 0196522323 - 00228 93545555 - 00225 0798212121","legalName":"EMMAC CORPORATION","foundingDate":"2015-07-31"},{"@type":"Person","@id":"https:\/\/emmaccorporation.com\/fr\/#\/schema\/person\/77a4a54746e7c6eece2474c96338c6d0","name":"administrateur","image":{"@type":"ImageObject","inLanguage":"fr-FR","@id":"https:\/\/secure.gravatar.com\/avatar\/ab5a3056a186c65f63c59a2de19e081b423bce8989e42736e00b1e0f5504d7ee?s=96&d=mm&r=g","url":"https:\/\/secure.gravatar.com\/avatar\/ab5a3056a186c65f63c59a2de19e081b423bce8989e42736e00b1e0f5504d7ee?s=96&d=mm&r=g","contentUrl":"https:\/\/secure.gravatar.com\/avatar\/ab5a3056a186c65f63c59a2de19e081b423bce8989e42736e00b1e0f5504d7ee?s=96&d=mm&r=g","caption":"administrateur"},"url":"https:\/\/emmaccorporation.com\/fr\/author\/admin\/"}]}},"publishpress_future_action":{"enabled":false,"date":"2026-05-09 01:16:16","action":"change-status","newStatus":"draft","terms":[],"taxonomy":"category","extraData":[]},"publishpress_future_workflow_manual_trigger":{"enabledWorkflows":[]},"_links":{"self":[{"href":"https:\/\/emmaccorporation.com\/fr\/wp-json\/wp\/v2\/posts\/4814","targetHints":{"allow":["GET"]}}],"collection":[{"href":"https:\/\/emmaccorporation.com\/fr\/wp-json\/wp\/v2\/posts"}],"about":[{"href":"https:\/\/emmaccorporation.com\/fr\/wp-json\/wp\/v2\/types\/post"}],"author":[{"embeddable":true,"href":"https:\/\/emmaccorporation.com\/fr\/wp-json\/wp\/v2\/users\/1"}],"replies":[{"embeddable":true,"href":"https:\/\/emmaccorporation.com\/fr\/wp-json\/wp\/v2\/comments?post=4814"}],"version-history":[{"count":7,"href":"https:\/\/emmaccorporation.com\/fr\/wp-json\/wp\/v2\/posts\/4814\/revisions"}],"predecessor-version":[{"id":4823,"href":"https:\/\/emmaccorporation.com\/fr\/wp-json\/wp\/v2\/posts\/4814\/revisions\/4823"}],"wp:attachment":[{"href":"https:\/\/emmaccorporation.com\/fr\/wp-json\/wp\/v2\/media?parent=4814"}],"wp:term":[{"taxonomy":"category","embeddable":true,"href":"https:\/\/emmaccorporation.com\/fr\/wp-json\/wp\/v2\/categories?post=4814"},{"taxonomy":"post_tag","embeddable":true,"href":"https:\/\/emmaccorporation.com\/fr\/wp-json\/wp\/v2\/tags?post=4814"}],"curies":[{"name":"wp","href":"https:\/\/api.w.org\/{rel}","templated":true}]}}