{"id":1823,"date":"2019-06-12T14:20:18","date_gmt":"2019-06-12T12:20:18","guid":{"rendered":"http:\/\/www.emmaccorporation.com\/fr\/?p=1823"},"modified":"2020-12-17T17:30:46","modified_gmt":"2020-12-17T16:30:46","slug":"une-chargee-clientele-refr-03-c06-ec19","status":"publish","type":"post","link":"https:\/\/emmaccorporation.com\/fr\/une-chargee-clientele-refr-03-c06-ec19\/","title":{"rendered":"Une Charg\u00e9e client\u00e8le R\u00e9f(R\/03\/C06\/EC19)"},"content":{"rendered":"<p>Une Charg\u00e9e client\u00e8le R\u00e9f(R\/03\/C06\/EC19)<\/p>\n<p>Le cabinet EMMAC Corporation recrute pour le compte de l&rsquo;agence de communication HEG Diffusion Un(e) 01 Charg\u00e9(e) client\u00e8le R\u00e9f(R\/03\/C06\/EC19)<br \/>\nDate limite de d\u00e9p\u00f4t : 24\/06\/2019 \u00e0 18h30<\/p>\n<p>A- Missions et responsabilit\u00e9s:<br \/>\n\u2022 N\u00e9gocier et communiquer sur les produits de l\u2019entreprise ;<br \/>\n\u2022 Accro\u00eetre le portefeuille client ;<br \/>\n\u2022 Suivi et relance des prospects (par t\u00e9l, mail) ;<br \/>\n\u2022 Assistance des nouveaux clients et prospects ;<br \/>\n\u2022 Participer \u00e0 la politique commerciale de l\u2019entreprise ;<br \/>\n\u2022 Assurer le service apr\u00e8s-vente aupr\u00e8s de ses clients ;<br \/>\n\u2022 D\u00e9tecter les nouvelles opportunit\u00e9s de march\u00e9s ;<br \/>\n\u2022 Ex\u00e9cuter toutes autres taches sur instruction du sup\u00e9rieur hi\u00e9rarchique.<\/p>\n<p>B- ATOUT<br \/>\n\u2022 Disposer d\u2019un Moyen de d\u00e9placement obligatoire ;<br \/>\n\u2022 \u00catre pr\u00e9sentable, proactif (ve) et avoir la langue d\u00e9li\u00e9e ;<br \/>\n\u2022 \u00catre dynamique ; rigoureux (se), et disponibilit\u00e9;<br \/>\n\u2022 \u00catre sinc\u00e8re et int\u00e8gre ;<br \/>\n\u2022 Avoir le contact facile ;<br \/>\n\u2022 Sens commercial ;<br \/>\n\u2022 Avoir de bonnes capacit\u00e9s de n\u00e9gociation et de marketing.<\/p>\n<p>C- Profil<br \/>\n\u2022 Avoir au moins un BAC+ 2 en Communication, Marketing et action Commercial, Communication d\u2019entreprise, N\u00e9gociation ou tout dipl\u00f4me \u00e9quivalent.<br \/>\n\u2022 Avoir au moins 1 an d\u2019exp\u00e9rience.<br \/>\n\u2022 \u00catre orient\u00e9(e) terrain, qualit\u00e9 de prestation, recherche de rentabilit\u00e9 et atteinte d\u2019objectifs.<\/p>\n<p>D- PIECES A FOURNIR<br \/>\n\u2022 Une lettre de motivation adress\u00e9e au DRH de EMMAC Corporation ;<br \/>\n\u2022 Un CV d\u00e9taill\u00e9 ;<br \/>\n\u2022 Une copie la carte d\u2019identit\u00e9 ;<br \/>\n\u2022 Une copie des dipl\u00f4mes et attestation ;<br \/>\n\u2022 Deux photos d\u2019identit\u00e9 ;<br \/>\n\u2022 Attestation de r\u00e9sidence.<\/p>\n<p>E- LIEU DE D\u00c9P\u00d4T<br \/>\nScoa-gb\u00e9to en face de l\u2019\u00e9glise protestante CSP et par e-mail : recrutement@emmaccorporation.com en mettant comme objet, la r\u00e9f\u00e9rence du poste \u00e0 pourvoir (tout dossier ne respectant pas cette exigence sera purement et simplement rejet\u00e9).<br \/>\nTel: (229) 96522323 \u2013 95040808 \u2013 96522727<\/p>\n<p>F- DATE LIMITE DE DEPOT<br \/>\nLundi 24 Juin 2019 \u00e0 18h30<\/p>\n<blockquote class=\"wp-embedded-content\" data-secret=\"jjBsBOt6iC\"><p><a href=\"https:\/\/emmaccorporation.com\/fr\/une-chargee-clientele-refr-03-c06-ec19\/\">Une Charg\u00e9e client\u00e8le R\u00e9f(R\/03\/C06\/EC19)<\/a><\/p><\/blockquote>\n<p><iframe loading=\"lazy\" class=\"wp-embedded-content\" sandbox=\"allow-scripts\" security=\"restricted\" style=\"position: absolute; clip: rect(1px, 1px, 1px, 1px);\" title=\"\u00ab\u00a0Une Charg\u00e9e client\u00e8le R\u00e9f(R\/03\/C06\/EC19)\u00a0\u00bb &#8212; Emmac Corporation\" src=\"https:\/\/emmaccorporation.com\/fr\/une-chargee-clientele-refr-03-c06-ec19\/embed\/#?secret=jjBsBOt6iC\" data-secret=\"jjBsBOt6iC\" width=\"600\" height=\"338\" frameborder=\"0\" marginwidth=\"0\" marginheight=\"0\" scrolling=\"no\"><\/iframe><\/p>\n<p>&nbsp;<\/p>\n<p>&nbsp;<\/p>\n<p>&nbsp;<\/p>\n<p>&nbsp;<\/p>\n<p>&nbsp;<\/p>\n<p>&nbsp;<\/p>\n<p>&nbsp;<\/p>\n<p>&nbsp;<\/p>\n<p>&nbsp;<\/p>\n<p>&nbsp;<\/p>\n<p>&nbsp;<\/p>\n<p>&nbsp;<\/p>\n<p>&nbsp;<\/p>\n<p>&nbsp;<\/p>\n<p>&nbsp;<\/p>\n","protected":false},"excerpt":{"rendered":"<p>Le cabinet EMMAC Corporation recrute pour le compte de l&rsquo;agence de communication HEG Diffusion Un(e) 01 Charg\u00e9(e) client\u00e8le R\u00e9f(R\/03\/C06\/EC19)<br \/>\nDate limite de d\u00e9p\u00f4t : 24\/06\/2019 \u00e0 18h30<\/p>\n","protected":false},"author":3,"featured_media":0,"comment_status":"open","ping_status":"open","sticky":false,"template":"","format":"standard","meta":{"footnotes":""},"categories":[9],"tags":[],"class_list":["post-1823","post","type-post","status-publish","format-standard","hentry","category-offres-demploi"],"yoast_head":"<!-- This site is optimized with the Yoast SEO Premium plugin v27.1 (Yoast SEO v27.5) - https:\/\/yoast.com\/product\/yoast-seo-premium-wordpress\/ -->\n<title>Une Charg\u00e9e client\u00e8le R\u00e9f(R\/03\/C06\/EC19) - Offres d&#039;emploi - Emmac Corporation<\/title>\n<meta name=\"description\" content=\"Le cabinet EMMAC Corporation recrute pour le compte de l&#039;agence Une Charg\u00e9e client\u00e8le R\u00e9f(R\/03\/C06\/EC19) - Date limite: 24\/06\/2019\" \/>\n<meta name=\"robots\" content=\"index, follow, max-snippet:-1, max-image-preview:large, max-video-preview:-1\" \/>\n<link rel=\"canonical\" href=\"https:\/\/emmaccorporation.com\/fr\/une-chargee-clientele-refr-03-c06-ec19\/\" \/>\n<meta property=\"og:locale\" content=\"fr_FR\" \/>\n<meta property=\"og:type\" content=\"article\" \/>\n<meta property=\"og:title\" content=\"Une Charg\u00e9e client\u00e8le R\u00e9f(R\/03\/C06\/EC19)\" \/>\n<meta property=\"og:description\" content=\"Le cabinet EMMAC Corporation recrute pour le compte de l&#039;agence Une Charg\u00e9e client\u00e8le R\u00e9f(R\/03\/C06\/EC19) - Date limite: 24\/06\/2019\" \/>\n<meta property=\"og:url\" content=\"https:\/\/emmaccorporation.com\/fr\/une-chargee-clientele-refr-03-c06-ec19\/\" \/>\n<meta property=\"og:site_name\" content=\"Emmac Corporation\" \/>\n<meta property=\"article:publisher\" content=\"https:\/\/www.facebook.com\/EMMACCorporation\" \/>\n<meta property=\"article:published_time\" content=\"2019-06-12T12:20:18+00:00\" \/>\n<meta property=\"article:modified_time\" content=\"2020-12-17T16:30:46+00:00\" \/>\n<meta property=\"og:image\" content=\"https:\/\/emmaccorporation.com\/fr\/wp-content\/uploads\/2019\/09\/cropped-emmac_logo.jpg\" \/>\n\t<meta property=\"og:image:width\" content=\"512\" \/>\n\t<meta property=\"og:image:height\" content=\"512\" \/>\n\t<meta property=\"og:image:type\" content=\"image\/jpeg\" \/>\n<meta name=\"author\" content=\"Florent\" \/>\n<meta name=\"twitter:card\" content=\"summary_large_image\" \/>\n<meta name=\"twitter:creator\" content=\"@emmaccorporati2\" \/>\n<meta name=\"twitter:site\" content=\"@emmaccorporati2\" \/>\n<meta name=\"twitter:label1\" content=\"\u00c9crit par\" \/>\n\t<meta name=\"twitter:data1\" content=\"Florent\" \/>\n\t<meta name=\"twitter:label2\" content=\"Dur\u00e9e de lecture estim\u00e9e\" \/>\n\t<meta name=\"twitter:data2\" content=\"2 minutes\" \/>\n<script type=\"application\/ld+json\" class=\"yoast-schema-graph\">{\"@context\":\"https:\\\/\\\/schema.org\",\"@graph\":[{\"@type\":\"Article\",\"@id\":\"https:\\\/\\\/emmaccorporation.com\\\/fr\\\/une-chargee-clientele-refr-03-c06-ec19\\\/#article\",\"isPartOf\":{\"@id\":\"https:\\\/\\\/emmaccorporation.com\\\/fr\\\/une-chargee-clientele-refr-03-c06-ec19\\\/\"},\"author\":{\"name\":\"Florent\",\"@id\":\"https:\\\/\\\/emmaccorporation.com\\\/fr\\\/#\\\/schema\\\/person\\\/0394d46252082bdb6fd6800e928f009b\"},\"headline\":\"Une Charg\u00e9e client\u00e8le R\u00e9f(R\\\/03\\\/C06\\\/EC19)\",\"datePublished\":\"2019-06-12T12:20:18+00:00\",\"dateModified\":\"2020-12-17T16:30:46+00:00\",\"mainEntityOfPage\":{\"@id\":\"https:\\\/\\\/emmaccorporation.com\\\/fr\\\/une-chargee-clientele-refr-03-c06-ec19\\\/\"},\"wordCount\":337,\"commentCount\":0,\"publisher\":{\"@id\":\"https:\\\/\\\/emmaccorporation.com\\\/fr\\\/#organization\"},\"articleSection\":[\"Offres d'emploi\"],\"inLanguage\":\"fr-FR\",\"potentialAction\":[{\"@type\":\"CommentAction\",\"name\":\"Comment\",\"target\":[\"https:\\\/\\\/emmaccorporation.com\\\/fr\\\/une-chargee-clientele-refr-03-c06-ec19\\\/#respond\"]}]},{\"@type\":\"WebPage\",\"@id\":\"https:\\\/\\\/emmaccorporation.com\\\/fr\\\/une-chargee-clientele-refr-03-c06-ec19\\\/\",\"url\":\"https:\\\/\\\/emmaccorporation.com\\\/fr\\\/une-chargee-clientele-refr-03-c06-ec19\\\/\",\"name\":\"Une Charg\u00e9e client\u00e8le R\u00e9f(R\\\/03\\\/C06\\\/EC19) - Offres d'emploi - Emmac Corporation\",\"isPartOf\":{\"@id\":\"https:\\\/\\\/emmaccorporation.com\\\/fr\\\/#website\"},\"datePublished\":\"2019-06-12T12:20:18+00:00\",\"dateModified\":\"2020-12-17T16:30:46+00:00\",\"description\":\"Le cabinet EMMAC Corporation recrute pour le compte de l'agence Une Charg\u00e9e client\u00e8le R\u00e9f(R\\\/03\\\/C06\\\/EC19) - Date limite: 24\\\/06\\\/2019\",\"breadcrumb\":{\"@id\":\"https:\\\/\\\/emmaccorporation.com\\\/fr\\\/une-chargee-clientele-refr-03-c06-ec19\\\/#breadcrumb\"},\"inLanguage\":\"fr-FR\",\"potentialAction\":[{\"@type\":\"ReadAction\",\"target\":[\"https:\\\/\\\/emmaccorporation.com\\\/fr\\\/une-chargee-clientele-refr-03-c06-ec19\\\/\"]}]},{\"@type\":\"BreadcrumbList\",\"@id\":\"https:\\\/\\\/emmaccorporation.com\\\/fr\\\/une-chargee-clientele-refr-03-c06-ec19\\\/#breadcrumb\",\"itemListElement\":[{\"@type\":\"ListItem\",\"position\":1,\"name\":\"Accueil\",\"item\":\"https:\\\/\\\/emmaccorporation.com\\\/fr\\\/\"},{\"@type\":\"ListItem\",\"position\":2,\"name\":\"Une Charg\u00e9e client\u00e8le R\u00e9f(R\\\/03\\\/C06\\\/EC19)\"}]},{\"@type\":\"WebSite\",\"@id\":\"https:\\\/\\\/emmaccorporation.com\\\/fr\\\/#website\",\"url\":\"https:\\\/\\\/emmaccorporation.com\\\/fr\\\/\",\"name\":\"Emmac Corporation\",\"description\":\"La cl\u00e9 de l&#039;excellence\",\"publisher\":{\"@id\":\"https:\\\/\\\/emmaccorporation.com\\\/fr\\\/#organization\"},\"alternateName\":\"emmac\",\"potentialAction\":[{\"@type\":\"SearchAction\",\"target\":{\"@type\":\"EntryPoint\",\"urlTemplate\":\"https:\\\/\\\/emmaccorporation.com\\\/fr\\\/?s={search_term_string}\"},\"query-input\":{\"@type\":\"PropertyValueSpecification\",\"valueRequired\":true,\"valueName\":\"search_term_string\"}}],\"inLanguage\":\"fr-FR\"},{\"@type\":\"Organization\",\"@id\":\"https:\\\/\\\/emmaccorporation.com\\\/fr\\\/#organization\",\"name\":\"EMMAC Corporation\",\"alternateName\":\"EMMAC\",\"url\":\"https:\\\/\\\/emmaccorporation.com\\\/fr\\\/\",\"logo\":{\"@type\":\"ImageObject\",\"inLanguage\":\"fr-FR\",\"@id\":\"https:\\\/\\\/emmaccorporation.com\\\/fr\\\/#\\\/schema\\\/logo\\\/image\\\/\",\"url\":\"https:\\\/\\\/emmaccorporation.com\\\/fr\\\/wp-content\\\/uploads\\\/2019\\\/09\\\/cropped-emmac_logo.jpg\",\"contentUrl\":\"https:\\\/\\\/emmaccorporation.com\\\/fr\\\/wp-content\\\/uploads\\\/2019\\\/09\\\/cropped-emmac_logo.jpg\",\"width\":512,\"height\":512,\"caption\":\"EMMAC Corporation\"},\"image\":{\"@id\":\"https:\\\/\\\/emmaccorporation.com\\\/fr\\\/#\\\/schema\\\/logo\\\/image\\\/\"},\"sameAs\":[\"https:\\\/\\\/www.facebook.com\\\/EMMACCorporation\",\"https:\\\/\\\/x.com\\\/emmaccorporati2\",\"https:\\\/\\\/www.instagram.com\\\/emmaccorporation\\\/\",\"https:\\\/\\\/www.linkedin.com\\\/company\\\/emmac-corporation\",\"https:\\\/\\\/www.youtube.com\\\/channel\\\/UC18a1uiY-9XzXOedwx622xw\"],\"description\":\"EMMAC Corporation est un cabinet panafricain de r\u00e9f\u00e9rence sp\u00e9cialis\u00e9 en Recrutement, Placement, Int\u00e9rim, Mise \u00e0 disposition, Formation et Gestion des Ressources Humaines...\",\"email\":\"infos@emmaccorporattion.com\",\"telephone\":\"00229 0196522323 - 00228 93545555 - 00225 0798212121\",\"legalName\":\"EMMAC CORPORATION\",\"foundingDate\":\"2015-07-31\"},{\"@type\":\"Person\",\"@id\":\"https:\\\/\\\/emmaccorporation.com\\\/fr\\\/#\\\/schema\\\/person\\\/0394d46252082bdb6fd6800e928f009b\",\"name\":\"Florent\",\"image\":{\"@type\":\"ImageObject\",\"inLanguage\":\"fr-FR\",\"@id\":\"https:\\\/\\\/secure.gravatar.com\\\/avatar\\\/a2a9a12aaf3f8a651e207697102ca2fc2238a28f6df0324621e397b5c9693559?s=96&d=mm&r=g\",\"url\":\"https:\\\/\\\/secure.gravatar.com\\\/avatar\\\/a2a9a12aaf3f8a651e207697102ca2fc2238a28f6df0324621e397b5c9693559?s=96&d=mm&r=g\",\"contentUrl\":\"https:\\\/\\\/secure.gravatar.com\\\/avatar\\\/a2a9a12aaf3f8a651e207697102ca2fc2238a28f6df0324621e397b5c9693559?s=96&d=mm&r=g\",\"caption\":\"Florent\"},\"url\":\"https:\\\/\\\/emmaccorporation.com\\\/fr\\\/author\\\/deborah\\\/\"}]}<\/script>\n<!-- \/ Yoast SEO Premium plugin. -->","yoast_head_json":{"title":"Une Charg\u00e9e client\u00e8le R\u00e9f(R\/03\/C06\/EC19) - Offres d'emploi - Emmac Corporation","description":"Le cabinet EMMAC Corporation recrute pour le compte de l'agence Une Charg\u00e9e client\u00e8le R\u00e9f(R\/03\/C06\/EC19) - Date limite: 24\/06\/2019","robots":{"index":"index","follow":"follow","max-snippet":"max-snippet:-1","max-image-preview":"max-image-preview:large","max-video-preview":"max-video-preview:-1"},"canonical":"https:\/\/emmaccorporation.com\/fr\/une-chargee-clientele-refr-03-c06-ec19\/","og_locale":"fr_FR","og_type":"article","og_title":"Une Charg\u00e9e client\u00e8le R\u00e9f(R\/03\/C06\/EC19)","og_description":"Le cabinet EMMAC Corporation recrute pour le compte de l'agence Une Charg\u00e9e client\u00e8le R\u00e9f(R\/03\/C06\/EC19) - Date limite: 24\/06\/2019","og_url":"https:\/\/emmaccorporation.com\/fr\/une-chargee-clientele-refr-03-c06-ec19\/","og_site_name":"Emmac Corporation","article_publisher":"https:\/\/www.facebook.com\/EMMACCorporation","article_published_time":"2019-06-12T12:20:18+00:00","article_modified_time":"2020-12-17T16:30:46+00:00","og_image":[{"width":512,"height":512,"url":"https:\/\/emmaccorporation.com\/fr\/wp-content\/uploads\/2019\/09\/cropped-emmac_logo.jpg","type":"image\/jpeg"}],"author":"Florent","twitter_card":"summary_large_image","twitter_creator":"@emmaccorporati2","twitter_site":"@emmaccorporati2","twitter_misc":{"\u00c9crit par":"Florent","Dur\u00e9e de lecture estim\u00e9e":"2 minutes"},"schema":{"@context":"https:\/\/schema.org","@graph":[{"@type":"Article","@id":"https:\/\/emmaccorporation.com\/fr\/une-chargee-clientele-refr-03-c06-ec19\/#article","isPartOf":{"@id":"https:\/\/emmaccorporation.com\/fr\/une-chargee-clientele-refr-03-c06-ec19\/"},"author":{"name":"Florent","@id":"https:\/\/emmaccorporation.com\/fr\/#\/schema\/person\/0394d46252082bdb6fd6800e928f009b"},"headline":"Une Charg\u00e9e client\u00e8le R\u00e9f(R\/03\/C06\/EC19)","datePublished":"2019-06-12T12:20:18+00:00","dateModified":"2020-12-17T16:30:46+00:00","mainEntityOfPage":{"@id":"https:\/\/emmaccorporation.com\/fr\/une-chargee-clientele-refr-03-c06-ec19\/"},"wordCount":337,"commentCount":0,"publisher":{"@id":"https:\/\/emmaccorporation.com\/fr\/#organization"},"articleSection":["Offres d'emploi"],"inLanguage":"fr-FR","potentialAction":[{"@type":"CommentAction","name":"Comment","target":["https:\/\/emmaccorporation.com\/fr\/une-chargee-clientele-refr-03-c06-ec19\/#respond"]}]},{"@type":"WebPage","@id":"https:\/\/emmaccorporation.com\/fr\/une-chargee-clientele-refr-03-c06-ec19\/","url":"https:\/\/emmaccorporation.com\/fr\/une-chargee-clientele-refr-03-c06-ec19\/","name":"Une Charg\u00e9e client\u00e8le R\u00e9f(R\/03\/C06\/EC19) - Offres d'emploi - Emmac Corporation","isPartOf":{"@id":"https:\/\/emmaccorporation.com\/fr\/#website"},"datePublished":"2019-06-12T12:20:18+00:00","dateModified":"2020-12-17T16:30:46+00:00","description":"Le cabinet EMMAC Corporation recrute pour le compte de l'agence Une Charg\u00e9e client\u00e8le R\u00e9f(R\/03\/C06\/EC19) - Date limite: 24\/06\/2019","breadcrumb":{"@id":"https:\/\/emmaccorporation.com\/fr\/une-chargee-clientele-refr-03-c06-ec19\/#breadcrumb"},"inLanguage":"fr-FR","potentialAction":[{"@type":"ReadAction","target":["https:\/\/emmaccorporation.com\/fr\/une-chargee-clientele-refr-03-c06-ec19\/"]}]},{"@type":"BreadcrumbList","@id":"https:\/\/emmaccorporation.com\/fr\/une-chargee-clientele-refr-03-c06-ec19\/#breadcrumb","itemListElement":[{"@type":"ListItem","position":1,"name":"Accueil","item":"https:\/\/emmaccorporation.com\/fr\/"},{"@type":"ListItem","position":2,"name":"Une Charg\u00e9e client\u00e8le R\u00e9f(R\/03\/C06\/EC19)"}]},{"@type":"WebSite","@id":"https:\/\/emmaccorporation.com\/fr\/#website","url":"https:\/\/emmaccorporation.com\/fr\/","name":"Emmac Corporation","description":"La cl\u00e9 de l&#039;excellence","publisher":{"@id":"https:\/\/emmaccorporation.com\/fr\/#organization"},"alternateName":"emmac","potentialAction":[{"@type":"SearchAction","target":{"@type":"EntryPoint","urlTemplate":"https:\/\/emmaccorporation.com\/fr\/?s={search_term_string}"},"query-input":{"@type":"PropertyValueSpecification","valueRequired":true,"valueName":"search_term_string"}}],"inLanguage":"fr-FR"},{"@type":"Organization","@id":"https:\/\/emmaccorporation.com\/fr\/#organization","name":"EMMAC Corporation","alternateName":"EMMAC","url":"https:\/\/emmaccorporation.com\/fr\/","logo":{"@type":"ImageObject","inLanguage":"fr-FR","@id":"https:\/\/emmaccorporation.com\/fr\/#\/schema\/logo\/image\/","url":"https:\/\/emmaccorporation.com\/fr\/wp-content\/uploads\/2019\/09\/cropped-emmac_logo.jpg","contentUrl":"https:\/\/emmaccorporation.com\/fr\/wp-content\/uploads\/2019\/09\/cropped-emmac_logo.jpg","width":512,"height":512,"caption":"EMMAC Corporation"},"image":{"@id":"https:\/\/emmaccorporation.com\/fr\/#\/schema\/logo\/image\/"},"sameAs":["https:\/\/www.facebook.com\/EMMACCorporation","https:\/\/x.com\/emmaccorporati2","https:\/\/www.instagram.com\/emmaccorporation\/","https:\/\/www.linkedin.com\/company\/emmac-corporation","https:\/\/www.youtube.com\/channel\/UC18a1uiY-9XzXOedwx622xw"],"description":"EMMAC Corporation est un cabinet panafricain de r\u00e9f\u00e9rence sp\u00e9cialis\u00e9 en Recrutement, Placement, Int\u00e9rim, Mise \u00e0 disposition, Formation et Gestion des Ressources Humaines...","email":"infos@emmaccorporattion.com","telephone":"00229 0196522323 - 00228 93545555 - 00225 0798212121","legalName":"EMMAC CORPORATION","foundingDate":"2015-07-31"},{"@type":"Person","@id":"https:\/\/emmaccorporation.com\/fr\/#\/schema\/person\/0394d46252082bdb6fd6800e928f009b","name":"Florent","image":{"@type":"ImageObject","inLanguage":"fr-FR","@id":"https:\/\/secure.gravatar.com\/avatar\/a2a9a12aaf3f8a651e207697102ca2fc2238a28f6df0324621e397b5c9693559?s=96&d=mm&r=g","url":"https:\/\/secure.gravatar.com\/avatar\/a2a9a12aaf3f8a651e207697102ca2fc2238a28f6df0324621e397b5c9693559?s=96&d=mm&r=g","contentUrl":"https:\/\/secure.gravatar.com\/avatar\/a2a9a12aaf3f8a651e207697102ca2fc2238a28f6df0324621e397b5c9693559?s=96&d=mm&r=g","caption":"Florent"},"url":"https:\/\/emmaccorporation.com\/fr\/author\/deborah\/"}]}},"publishpress_future_action":{"enabled":false,"date":"2026-05-09 01:31:48","action":"change-status","newStatus":"draft","terms":[],"taxonomy":"category","extraData":[]},"publishpress_future_workflow_manual_trigger":{"enabledWorkflows":[]},"_links":{"self":[{"href":"https:\/\/emmaccorporation.com\/fr\/wp-json\/wp\/v2\/posts\/1823","targetHints":{"allow":["GET"]}}],"collection":[{"href":"https:\/\/emmaccorporation.com\/fr\/wp-json\/wp\/v2\/posts"}],"about":[{"href":"https:\/\/emmaccorporation.com\/fr\/wp-json\/wp\/v2\/types\/post"}],"author":[{"embeddable":true,"href":"https:\/\/emmaccorporation.com\/fr\/wp-json\/wp\/v2\/users\/3"}],"replies":[{"embeddable":true,"href":"https:\/\/emmaccorporation.com\/fr\/wp-json\/wp\/v2\/comments?post=1823"}],"version-history":[{"count":6,"href":"https:\/\/emmaccorporation.com\/fr\/wp-json\/wp\/v2\/posts\/1823\/revisions"}],"predecessor-version":[{"id":4295,"href":"https:\/\/emmaccorporation.com\/fr\/wp-json\/wp\/v2\/posts\/1823\/revisions\/4295"}],"wp:attachment":[{"href":"https:\/\/emmaccorporation.com\/fr\/wp-json\/wp\/v2\/media?parent=1823"}],"wp:term":[{"taxonomy":"category","embeddable":true,"href":"https:\/\/emmaccorporation.com\/fr\/wp-json\/wp\/v2\/categories?post=1823"},{"taxonomy":"post_tag","embeddable":true,"href":"https:\/\/emmaccorporation.com\/fr\/wp-json\/wp\/v2\/tags?post=1823"}],"curies":[{"name":"wp","href":"https:\/\/api.w.org\/{rel}","templated":true}]}}